{"id":10003,"date":"2021-07-02T09:56:49","date_gmt":"2021-07-02T09:56:49","guid":{"rendered":"https:\/\/artenara.es\/portal-ciudadano\/?p=10003"},"modified":"2021-07-02T09:56:49","modified_gmt":"2021-07-02T09:56:49","slug":"centro-de-adultos-de-teror-valleseco-artenara","status":"publish","type":"post","link":"https:\/\/www.artenara.es\/portal-ciudadano\/social\/centro-de-adultos-de-teror-valleseco-artenara\/","title":{"rendered":"CENTRO DE ADULTOS DE TEROR- VALLESECO &#8211; ARTENARA"},"content":{"rendered":"\n<figure class=\"wp-block-image\"><img src=\"https:\/\/www3.gobiernodecanarias.org\/medusa\/edublog\/cepateror\/wp-content\/uploads\/sites\/179\/2021\/06\/cartel-21-22.jpg\" alt=\"\"\/><\/figure>\n\n\n\n<p>El Centro de Personas Adultas (CEPA) de Teror-Valleseco-Artenara ha abierto el 1 de junio el periodo de matricula para el curso 2020-2021, ofreciendo un variado programa formativo. <\/p>\n\n\n\n<p><strong>M\u00e1s Informaci\u00f3n Pincha Aqu\u00ed<\/strong> \ud83d\udc47<\/p>\n\n\n\n<p><a href=\"https:\/\/www3.gobiernodecanarias.org\/medusa\/edublog\/cepateror\/\">https:\/\/www3.gobiernodecanarias.org\/medusa\/edublog\/cepateror\/<\/a><\/p>\n\n\n\n<p><\/p>\n\n\n\n<p class=\"has-text-align-center\"><em>\"Solo Fallas Cuando Dejas de Intentarlo\"<\/em><\/p>\n","protected":false},"excerpt":{"rendered":"<p>El Centro de Personas Adultas (CEPA) de Teror-Valleseco-Artenara ha abierto el 1 de junio el periodo de matricula para el curso 2020-2021, ofreciendo un variado programa formativo. M\u00e1s Informaci\u00f3n Pincha Aqu\u00ed \ud83d\udc47 https:\/\/www3.gobiernodecanarias.org\/medusa\/edublog\/cepateror\/ &#8220;Solo Fallas Cuando Dejas de Intentarlo&#8221;<\/p>\n","protected":false},"author":4,"featured_media":10004,"comment_status":"open","ping_status":"open","sticky":false,"template":"","format":"standard","meta":[],"categories":[3],"tags":[252,123,254,256,255],"_links":{"self":[{"href":"https:\/\/www.artenara.es\/portal-ciudadano\/wp-json\/wp\/v2\/posts\/10003"}],"collection":[{"href":"https:\/\/www.artenara.es\/portal-ciudadano\/wp-json\/wp\/v2\/posts"}],"about":[{"href":"https:\/\/www.artenara.es\/portal-ciudadano\/wp-json\/wp\/v2\/types\/post"}],"author":[{"embeddable":true,"href":"https:\/\/www.artenara.es\/portal-ciudadano\/wp-json\/wp\/v2\/users\/4"}],"replies":[{"embeddable":true,"href":"https:\/\/www.artenara.es\/portal-ciudadano\/wp-json\/wp\/v2\/comments?post=10003"}],"version-history":[{"count":1,"href":"https:\/\/www.artenara.es\/portal-ciudadano\/wp-json\/wp\/v2\/posts\/10003\/revisions"}],"predecessor-version":[{"id":10005,"href":"https:\/\/www.artenara.es\/portal-ciudadano\/wp-json\/wp\/v2\/posts\/10003\/revisions\/10005"}],"wp:featuredmedia":[{"embeddable":true,"href":"https:\/\/www.artenara.es\/portal-ciudadano\/wp-json\/wp\/v2\/media\/10004"}],"wp:attachment":[{"href":"https:\/\/www.artenara.es\/portal-ciudadano\/wp-json\/wp\/v2\/media?parent=10003"}],"wp:term":[{"taxonomy":"category","embeddable":true,"href":"https:\/\/www.artenara.es\/portal-ciudadano\/wp-json\/wp\/v2\/categories?post=10003"},{"taxonomy":"post_tag","embeddable":true,"href":"https:\/\/www.artenara.es\/portal-ciudadano\/wp-json\/wp\/v2\/tags?post=10003"}],"curies":[{"name":"wp","href":"https:\/\/api.w.org\/{rel}","templated":true}]}}