{"id":10040,"date":"2021-07-03T10:00:58","date_gmt":"2021-07-03T10:00:58","guid":{"rendered":"https:\/\/artenara.es\/portal-ciudadano\/?p=10040"},"modified":"2021-07-02T20:37:46","modified_gmt":"2021-07-02T20:37:46","slug":"por-fin-es-julio-musica-en-directo-en-artenara","status":"publish","type":"post","link":"https:\/\/www.artenara.es\/portal-ciudadano\/desarrollo-local\/por-fin-es-julio-musica-en-directo-en-artenara\/","title":{"rendered":"&#8220;POR FIN ES JULIO&#8221; M\u00fasica en directo en Artenara"},"content":{"rendered":"\n<p>SE INFORMA <\/p>\n\n\n\n<p>El Alcalde de Artenara, D. Jes\u00fas D\u00edaz Luj\u00e1n y el presidente de la Asociaci\u00f3n de Empresarios EDARTE, Miqueas S\u00e1nchez Romero, acompa\u00f1ados del Grupo de Gobierno firmaron en el d\u00eda de ayer un Convenio de colaboraci\u00f3n para la dinamizaci\u00f3n de la Zona Comercial Abierta del Municipio de Artenara con el proyecto \u201cPor fin es julio y los viernes de julio la m\u00fasica en directo llena Artenara\u201d, financiado por la Consejer\u00eda de Industria, Comercio y Artesan\u00eda del Cabildo de Gran Canaria.<\/p>\n\n\n\n<figure class=\"wp-block-gallery columns-1 is-cropped\"><ul class=\"blocks-gallery-grid\"><li class=\"blocks-gallery-item\"><figure><img loading=\"lazy\" width=\"960\" height=\"960\" src=\"https:\/\/artenara.es\/portal-ciudadano\/wp-content\/uploads\/2021\/07\/208547457_1971546556326731_978199241623728296_n.jpg\" alt=\"\" data-id=\"10041\" data-full-url=\"https:\/\/artenara.es\/portal-ciudadano\/wp-content\/uploads\/2021\/07\/208547457_1971546556326731_978199241623728296_n.jpg\" data-link=\"https:\/\/artenara.es\/portal-ciudadano\/?attachment_id=10041\" class=\"wp-image-10041\" srcset=\"https:\/\/www.artenara.es\/portal-ciudadano\/wp-content\/uploads\/2021\/07\/208547457_1971546556326731_978199241623728296_n.jpg 960w, https:\/\/www.artenara.es\/portal-ciudadano\/wp-content\/uploads\/2021\/07\/208547457_1971546556326731_978199241623728296_n-300x300.jpg 300w, https:\/\/www.artenara.es\/portal-ciudadano\/wp-content\/uploads\/2021\/07\/208547457_1971546556326731_978199241623728296_n-768x768.jpg 768w, https:\/\/www.artenara.es\/portal-ciudadano\/wp-content\/uploads\/2021\/07\/208547457_1971546556326731_978199241623728296_n-150x150.jpg 150w, https:\/\/www.artenara.es\/portal-ciudadano\/wp-content\/uploads\/2021\/07\/208547457_1971546556326731_978199241623728296_n-270x270.jpg 270w, https:\/\/www.artenara.es\/portal-ciudadano\/wp-content\/uploads\/2021\/07\/208547457_1971546556326731_978199241623728296_n-400x400.jpg 400w, https:\/\/www.artenara.es\/portal-ciudadano\/wp-content\/uploads\/2021\/07\/208547457_1971546556326731_978199241623728296_n-418x418.jpg 418w, https:\/\/www.artenara.es\/portal-ciudadano\/wp-content\/uploads\/2021\/07\/208547457_1971546556326731_978199241623728296_n-512x512.jpg 512w\" sizes=\"(max-width: 960px) 100vw, 960px\" \/><\/figure><\/li><\/ul><\/figure>\n\n\n\n<figure class=\"wp-block-image size-large\"><img loading=\"lazy\" width=\"960\" height=\"720\" src=\"https:\/\/artenara.es\/portal-ciudadano\/wp-content\/uploads\/2021\/07\/209871054_1971546722993381_6187713435751654395_n-1.jpg\" alt=\"\" class=\"wp-image-10044\" srcset=\"https:\/\/www.artenara.es\/portal-ciudadano\/wp-content\/uploads\/2021\/07\/209871054_1971546722993381_6187713435751654395_n-1.jpg 960w, https:\/\/www.artenara.es\/portal-ciudadano\/wp-content\/uploads\/2021\/07\/209871054_1971546722993381_6187713435751654395_n-1-300x225.jpg 300w, https:\/\/www.artenara.es\/portal-ciudadano\/wp-content\/uploads\/2021\/07\/209871054_1971546722993381_6187713435751654395_n-1-295x222.jpg 295w, https:\/\/www.artenara.es\/portal-ciudadano\/wp-content\/uploads\/2021\/07\/209871054_1971546722993381_6187713435751654395_n-1-768x576.jpg 768w, https:\/\/www.artenara.es\/portal-ciudadano\/wp-content\/uploads\/2021\/07\/209871054_1971546722993381_6187713435751654395_n-1-418x314.jpg 418w\" sizes=\"(max-width: 960px) 100vw, 960px\" \/><\/figure>\n\n\n\n<figure class=\"wp-block-image size-large\"><img loading=\"lazy\" width=\"960\" height=\"720\" src=\"https:\/\/artenara.es\/portal-ciudadano\/wp-content\/uploads\/2021\/07\/210077270_1971546636326723_2964471870552508943_n-1.jpg\" alt=\"\" class=\"wp-image-10045\" srcset=\"https:\/\/www.artenara.es\/portal-ciudadano\/wp-content\/uploads\/2021\/07\/210077270_1971546636326723_2964471870552508943_n-1.jpg 960w, https:\/\/www.artenara.es\/portal-ciudadano\/wp-content\/uploads\/2021\/07\/210077270_1971546636326723_2964471870552508943_n-1-300x225.jpg 300w, https:\/\/www.artenara.es\/portal-ciudadano\/wp-content\/uploads\/2021\/07\/210077270_1971546636326723_2964471870552508943_n-1-295x222.jpg 295w, https:\/\/www.artenara.es\/portal-ciudadano\/wp-content\/uploads\/2021\/07\/210077270_1971546636326723_2964471870552508943_n-1-768x576.jpg 768w, https:\/\/www.artenara.es\/portal-ciudadano\/wp-content\/uploads\/2021\/07\/210077270_1971546636326723_2964471870552508943_n-1-418x314.jpg 418w\" sizes=\"(max-width: 960px) 100vw, 960px\" \/><\/figure>\n","protected":false},"excerpt":{"rendered":"<p>SE INFORMA El Alcalde de Artenara, D. Jes\u00fas D\u00edaz Luj\u00e1n y el presidente de la Asociaci\u00f3n de Empresarios EDARTE, Miqueas S\u00e1nchez Romero, acompa\u00f1ados del Grupo de Gobierno firmaron en el d\u00eda de ayer un Convenio de colaboraci\u00f3n para la dinamizaci\u00f3n de la Zona Comercial Abierta del Municipio de Artenara con el proyecto \u201cPor fin es &hellip;<\/p>\n","protected":false},"author":4,"featured_media":10046,"comment_status":"open","ping_status":"open","sticky":false,"template":"","format":"standard","meta":[],"categories":[59],"tags":[225,259,261,119,262,263,258],"_links":{"self":[{"href":"https:\/\/www.artenara.es\/portal-ciudadano\/wp-json\/wp\/v2\/posts\/10040"}],"collection":[{"href":"https:\/\/www.artenara.es\/portal-ciudadano\/wp-json\/wp\/v2\/posts"}],"about":[{"href":"https:\/\/www.artenara.es\/portal-ciudadano\/wp-json\/wp\/v2\/types\/post"}],"author":[{"embeddable":true,"href":"https:\/\/www.artenara.es\/portal-ciudadano\/wp-json\/wp\/v2\/users\/4"}],"replies":[{"embeddable":true,"href":"https:\/\/www.artenara.es\/portal-ciudadano\/wp-json\/wp\/v2\/comments?post=10040"}],"version-history":[{"count":1,"href":"https:\/\/www.artenara.es\/portal-ciudadano\/wp-json\/wp\/v2\/posts\/10040\/revisions"}],"predecessor-version":[{"id":10047,"href":"https:\/\/www.artenara.es\/portal-ciudadano\/wp-json\/wp\/v2\/posts\/10040\/revisions\/10047"}],"wp:featuredmedia":[{"embeddable":true,"href":"https:\/\/www.artenara.es\/portal-ciudadano\/wp-json\/wp\/v2\/media\/10046"}],"wp:attachment":[{"href":"https:\/\/www.artenara.es\/portal-ciudadano\/wp-json\/wp\/v2\/media?parent=10040"}],"wp:term":[{"taxonomy":"category","embeddable":true,"href":"https:\/\/www.artenara.es\/portal-ciudadano\/wp-json\/wp\/v2\/categories?post=10040"},{"taxonomy":"post_tag","embeddable":true,"href":"https:\/\/www.artenara.es\/portal-ciudadano\/wp-json\/wp\/v2\/tags?post=10040"}],"curies":[{"name":"wp","href":"https:\/\/api.w.org\/{rel}","templated":true}]}}