{"id":10086,"date":"2021-07-07T10:17:53","date_gmt":"2021-07-07T10:17:53","guid":{"rendered":"https:\/\/artenara.es\/portal-ciudadano\/?p=10086"},"modified":"2021-07-07T10:17:53","modified_gmt":"2021-07-07T10:17:53","slug":"%f0%9d%91%a8%f0%9d%92%93%f0%9d%92%95%f0%9d%92%86%f0%9d%92%8f%f0%9d%92%82%f0%9d%92%93%f0%9d%92%82-%f0%9d%92%94%f0%9d%92%86%f0%9d%92%85%f0%9d%92%86-%f0%9d%92%85%f0%9d%92%86%f0%9d%92%8d-%f0%9d%91%bb","status":"publish","type":"post","link":"https:\/\/www.artenara.es\/portal-ciudadano\/deportes\/%f0%9d%91%a8%f0%9d%92%93%f0%9d%92%95%f0%9d%92%86%f0%9d%92%8f%f0%9d%92%82%f0%9d%92%93%f0%9d%92%82-%f0%9d%92%94%f0%9d%92%86%f0%9d%92%85%f0%9d%92%86-%f0%9d%92%85%f0%9d%92%86%f0%9d%92%8d-%f0%9d%91%bb\/","title":{"rendered":"\ud835\udc68\ud835\udc93\ud835\udc95\ud835\udc86\ud835\udc8f\ud835\udc82\ud835\udc93\ud835\udc82, \ud835\udc94\ud835\udc86\ud835\udc85\ud835\udc86 \ud835\udc85\ud835\udc86\ud835\udc8d &#8216;\ud835\udc7b\ud835\udc96\ud835\udc86\ud835\udc94\ud835\udc85\ud835\udc82\ud835\udc9a \ud835\udc7b\ud835\udc86\ud835\udc94\ud835\udc95&#8217; \ud835\udc85\ud835\udc86\ud835\udc8d 45 \ud835\udc79\ud835\udc82\ud835\udc8d\ud835\udc8d\ud835\udc9a \ud835\udc70\ud835\udc94\ud835\udc8d\ud835\udc82\ud835\udc94 \ud835\udc6a\ud835\udc82\ud835\udc8f\ud835\udc82\ud835\udc93\ud835\udc8a\ud835\udc82\ud835\udc94"},"content":{"rendered":"\n<p><br>A poco m\u00e1s de cuatro meses para su celebraci\u00f3n, el 45 Rally Islas Canarias contin\u00faa desvelando secretos de su pr\u00f3xima edici\u00f3n. La \u00faltima cita del FIA European Rally Championship 2021 ya ha ido dejando entrever algunos de los municipios por los que discurrir\u00e1 su itinerario. As\u00ed, hoy es turno dar a conocer el lugar del \u2018Tuesday Test\u2019.<br>Esa jornada de preparaci\u00f3n previa al Rally Islas Canarias, y que se disputar\u00e1 el martes 16 de noviembre, volver\u00e1 a subir al municipio m\u00e1s alto de la isla de Gran Canaria: Artenara. Habitual en ediciones anteriores, el recorrido elegido por la organizaci\u00f3n, de com\u00fan acuerdo con la corporaci\u00f3n municipal, aglutina en buena medida un perfil muy similar al que seguir\u00e1, posteriormente, el itinerario de esta cita internacional. La belleza paisaj\u00edstica del lugar, as\u00ed como los servicios pr\u00f3ximos, siempre fueron generosamente valorados por los participantes.<\/p>\n\n\n\n<figure class=\"wp-block-gallery aligncenter columns-1 is-cropped\"><ul class=\"blocks-gallery-grid\"><li class=\"blocks-gallery-item\"><figure><img loading=\"lazy\" width=\"1000\" height=\"375\" src=\"https:\/\/artenara.es\/portal-ciudadano\/wp-content\/uploads\/2021\/07\/471bd07fdaa7b040f7ab8b2a13f8f35b_XL.jpg\" alt=\"\" data-id=\"10087\" data-link=\"https:\/\/artenara.es\/portal-ciudadano\/?attachment_id=10087\" class=\"wp-image-10087\" srcset=\"https:\/\/www.artenara.es\/portal-ciudadano\/wp-content\/uploads\/2021\/07\/471bd07fdaa7b040f7ab8b2a13f8f35b_XL.jpg 1000w, https:\/\/www.artenara.es\/portal-ciudadano\/wp-content\/uploads\/2021\/07\/471bd07fdaa7b040f7ab8b2a13f8f35b_XL-300x113.jpg 300w, https:\/\/www.artenara.es\/portal-ciudadano\/wp-content\/uploads\/2021\/07\/471bd07fdaa7b040f7ab8b2a13f8f35b_XL-768x288.jpg 768w, https:\/\/www.artenara.es\/portal-ciudadano\/wp-content\/uploads\/2021\/07\/471bd07fdaa7b040f7ab8b2a13f8f35b_XL-418x157.jpg 418w\" sizes=\"(max-width: 1000px) 100vw, 1000px\" \/><\/figure><\/li><li class=\"blocks-gallery-item\"><figure><img loading=\"lazy\" width=\"1600\" height=\"1200\" src=\"https:\/\/artenara.es\/portal-ciudadano\/wp-content\/uploads\/2021\/07\/WhatsApp-Image-2021-07-07-at-10.23.30-1-1.jpeg\" alt=\"\" data-id=\"10089\" data-full-url=\"https:\/\/artenara.es\/portal-ciudadano\/wp-content\/uploads\/2021\/07\/WhatsApp-Image-2021-07-07-at-10.23.30-1-1.jpeg\" data-link=\"https:\/\/artenara.es\/portal-ciudadano\/?attachment_id=10089\" class=\"wp-image-10089\" srcset=\"https:\/\/www.artenara.es\/portal-ciudadano\/wp-content\/uploads\/2021\/07\/WhatsApp-Image-2021-07-07-at-10.23.30-1-1.jpeg 1600w, https:\/\/www.artenara.es\/portal-ciudadano\/wp-content\/uploads\/2021\/07\/WhatsApp-Image-2021-07-07-at-10.23.30-1-1-300x225.jpeg 300w, https:\/\/www.artenara.es\/portal-ciudadano\/wp-content\/uploads\/2021\/07\/WhatsApp-Image-2021-07-07-at-10.23.30-1-1-1024x768.jpeg 1024w, https:\/\/www.artenara.es\/portal-ciudadano\/wp-content\/uploads\/2021\/07\/WhatsApp-Image-2021-07-07-at-10.23.30-1-1-295x222.jpeg 295w, https:\/\/www.artenara.es\/portal-ciudadano\/wp-content\/uploads\/2021\/07\/WhatsApp-Image-2021-07-07-at-10.23.30-1-1-768x576.jpeg 768w, https:\/\/www.artenara.es\/portal-ciudadano\/wp-content\/uploads\/2021\/07\/WhatsApp-Image-2021-07-07-at-10.23.30-1-1-1536x1152.jpeg 1536w, https:\/\/www.artenara.es\/portal-ciudadano\/wp-content\/uploads\/2021\/07\/WhatsApp-Image-2021-07-07-at-10.23.30-1-1-418x314.jpeg 418w, https:\/\/www.artenara.es\/portal-ciudadano\/wp-content\/uploads\/2021\/07\/WhatsApp-Image-2021-07-07-at-10.23.30-1-1-1200x900.jpeg 1200w\" sizes=\"(max-width: 1600px) 100vw, 1600px\" \/><\/figure><\/li><\/ul><\/figure>\n\n\n\n<p><br>Acompa\u00f1ando a Don Jes\u00fas D\u00edaz, Alcalde de Artenara y a Germ\u00e1n Morales, presidente de Todo Sport, en la firma de este convenio se encontraban Domingo Alberto D\u00edaz, concejal de Deportes de Artenara, y Miguel Espino, coordinador de Seguridad del 45 Rally Islas Canarias.<br>\ud83c\udfc6\ud83d\udea5\ud83c\udfc1<\/p>\n","protected":false},"excerpt":{"rendered":"<p>A poco m\u00e1s de cuatro meses para su celebraci\u00f3n, el 45 Rally Islas Canarias contin\u00faa desvelando secretos de su pr\u00f3xima edici\u00f3n. La \u00faltima cita del FIA European Rally Championship 2021 ya ha ido dejando entrever algunos de los municipios por los que discurrir\u00e1 su itinerario. As\u00ed, hoy es turno dar a conocer el lugar del &hellip;<\/p>\n","protected":false},"author":4,"featured_media":10092,"comment_status":"closed","ping_status":"open","sticky":false,"template":"","format":"standard","meta":[],"categories":[4],"tags":[285,286,288,287,282,283,284],"_links":{"self":[{"href":"https:\/\/www.artenara.es\/portal-ciudadano\/wp-json\/wp\/v2\/posts\/10086"}],"collection":[{"href":"https:\/\/www.artenara.es\/portal-ciudadano\/wp-json\/wp\/v2\/posts"}],"about":[{"href":"https:\/\/www.artenara.es\/portal-ciudadano\/wp-json\/wp\/v2\/types\/post"}],"author":[{"embeddable":true,"href":"https:\/\/www.artenara.es\/portal-ciudadano\/wp-json\/wp\/v2\/users\/4"}],"replies":[{"embeddable":true,"href":"https:\/\/www.artenara.es\/portal-ciudadano\/wp-json\/wp\/v2\/comments?post=10086"}],"version-history":[{"count":1,"href":"https:\/\/www.artenara.es\/portal-ciudadano\/wp-json\/wp\/v2\/posts\/10086\/revisions"}],"predecessor-version":[{"id":10091,"href":"https:\/\/www.artenara.es\/portal-ciudadano\/wp-json\/wp\/v2\/posts\/10086\/revisions\/10091"}],"wp:featuredmedia":[{"embeddable":true,"href":"https:\/\/www.artenara.es\/portal-ciudadano\/wp-json\/wp\/v2\/media\/10092"}],"wp:attachment":[{"href":"https:\/\/www.artenara.es\/portal-ciudadano\/wp-json\/wp\/v2\/media?parent=10086"}],"wp:term":[{"taxonomy":"category","embeddable":true,"href":"https:\/\/www.artenara.es\/portal-ciudadano\/wp-json\/wp\/v2\/categories?post=10086"},{"taxonomy":"post_tag","embeddable":true,"href":"https:\/\/www.artenara.es\/portal-ciudadano\/wp-json\/wp\/v2\/tags?post=10086"}],"curies":[{"name":"wp","href":"https:\/\/api.w.org\/{rel}","templated":true}]}}