{"id":10099,"date":"2021-07-09T12:20:50","date_gmt":"2021-07-09T12:20:50","guid":{"rendered":"https:\/\/artenara.es\/portal-ciudadano\/?p=10099"},"modified":"2021-07-09T12:20:50","modified_gmt":"2021-07-09T12:20:50","slug":"aplazadas-las-actividades-por-fin-es-julio","status":"publish","type":"post","link":"https:\/\/www.artenara.es\/portal-ciudadano\/desarrollo-local\/aplazadas-las-actividades-por-fin-es-julio\/","title":{"rendered":"APLAZADAS LAS ACTIVIDADES \u00a1POR FIN ES JULIO!"},"content":{"rendered":"\n<p>Seg\u00fan la situaci\u00f3n sanitaria vinculada a la pandemia por COVID 19, el @Gobierno@gobcanarias ha publicado una incidencia en Artenara de 95,33 casos por cada 100.000 habitantes, marcando un nivel de riesgo alto. Existen algunos indicios que nos pueden hacer pensar que esos datos pueden empeorar en los pr\u00f3ximos d\u00edas. Por lo tanto, como medida preventiva queda APLAZADO el concierto del viernes 9 de julio de V\u00edctor Lemes en la BioCreper\u00eda RiscoCa\u00eddo.<br>El resto de concierto de la actividad \u00a1Por fin es julio! quedan a la espera de la evoluci\u00f3n de los datos de los pr\u00f3ximos d\u00edas, y avisaremos tan pronto dispongamos de informaci\u00f3n oficial suficiente que avale cualquier decisi\u00f3n.<br>Esperamos conseguir resolver esta situaci\u00f3n lo antes posible, pero mientras tanto, recomendamos a toda la poblaci\u00f3n las medidas preventivas para frenar el crecimiento de esta situaci\u00f3n que estamos sufriendo tod@s.<\/p>\n\n\n\n<figure class=\"wp-block-image size-large\"><img loading=\"lazy\" width=\"1024\" height=\"1024\" src=\"https:\/\/artenara.es\/portal-ciudadano\/wp-content\/uploads\/2021\/07\/WhatsApp-Image-2021-07-09-at-12.58.27-1024x1024.jpeg\" alt=\"\" class=\"wp-image-10100\" srcset=\"https:\/\/www.artenara.es\/portal-ciudadano\/wp-content\/uploads\/2021\/07\/WhatsApp-Image-2021-07-09-at-12.58.27-1024x1024.jpeg 1024w, https:\/\/www.artenara.es\/portal-ciudadano\/wp-content\/uploads\/2021\/07\/WhatsApp-Image-2021-07-09-at-12.58.27-300x300.jpeg 300w, https:\/\/www.artenara.es\/portal-ciudadano\/wp-content\/uploads\/2021\/07\/WhatsApp-Image-2021-07-09-at-12.58.27-768x768.jpeg 768w, https:\/\/www.artenara.es\/portal-ciudadano\/wp-content\/uploads\/2021\/07\/WhatsApp-Image-2021-07-09-at-12.58.27-150x150.jpeg 150w, https:\/\/www.artenara.es\/portal-ciudadano\/wp-content\/uploads\/2021\/07\/WhatsApp-Image-2021-07-09-at-12.58.27-270x270.jpeg 270w, https:\/\/www.artenara.es\/portal-ciudadano\/wp-content\/uploads\/2021\/07\/WhatsApp-Image-2021-07-09-at-12.58.27-400x400.jpeg 400w, https:\/\/www.artenara.es\/portal-ciudadano\/wp-content\/uploads\/2021\/07\/WhatsApp-Image-2021-07-09-at-12.58.27-418x418.jpeg 418w, https:\/\/www.artenara.es\/portal-ciudadano\/wp-content\/uploads\/2021\/07\/WhatsApp-Image-2021-07-09-at-12.58.27-512x512.jpeg 512w, https:\/\/www.artenara.es\/portal-ciudadano\/wp-content\/uploads\/2021\/07\/WhatsApp-Image-2021-07-09-at-12.58.27.jpeg 1080w\" sizes=\"(max-width: 1024px) 100vw, 1024px\" \/><\/figure>\n","protected":false},"excerpt":{"rendered":"<p>Seg\u00fan la situaci\u00f3n sanitaria vinculada a la pandemia por COVID 19, el @Gobierno@gobcanarias ha publicado una incidencia en Artenara de 95,33 casos por cada 100.000 habitantes, marcando un nivel de riesgo alto. Existen algunos indicios que nos pueden hacer pensar que esos datos pueden empeorar en los pr\u00f3ximos d\u00edas. Por lo tanto, como medida preventiva &hellip;<\/p>\n","protected":false},"author":4,"featured_media":10100,"comment_status":"open","ping_status":"open","sticky":false,"template":"","format":"standard","meta":[],"categories":[59],"tags":[],"_links":{"self":[{"href":"https:\/\/www.artenara.es\/portal-ciudadano\/wp-json\/wp\/v2\/posts\/10099"}],"collection":[{"href":"https:\/\/www.artenara.es\/portal-ciudadano\/wp-json\/wp\/v2\/posts"}],"about":[{"href":"https:\/\/www.artenara.es\/portal-ciudadano\/wp-json\/wp\/v2\/types\/post"}],"author":[{"embeddable":true,"href":"https:\/\/www.artenara.es\/portal-ciudadano\/wp-json\/wp\/v2\/users\/4"}],"replies":[{"embeddable":true,"href":"https:\/\/www.artenara.es\/portal-ciudadano\/wp-json\/wp\/v2\/comments?post=10099"}],"version-history":[{"count":1,"href":"https:\/\/www.artenara.es\/portal-ciudadano\/wp-json\/wp\/v2\/posts\/10099\/revisions"}],"predecessor-version":[{"id":10101,"href":"https:\/\/www.artenara.es\/portal-ciudadano\/wp-json\/wp\/v2\/posts\/10099\/revisions\/10101"}],"wp:featuredmedia":[{"embeddable":true,"href":"https:\/\/www.artenara.es\/portal-ciudadano\/wp-json\/wp\/v2\/media\/10100"}],"wp:attachment":[{"href":"https:\/\/www.artenara.es\/portal-ciudadano\/wp-json\/wp\/v2\/media?parent=10099"}],"wp:term":[{"taxonomy":"category","embeddable":true,"href":"https:\/\/www.artenara.es\/portal-ciudadano\/wp-json\/wp\/v2\/categories?post=10099"},{"taxonomy":"post_tag","embeddable":true,"href":"https:\/\/www.artenara.es\/portal-ciudadano\/wp-json\/wp\/v2\/tags?post=10099"}],"curies":[{"name":"wp","href":"https:\/\/api.w.org\/{rel}","templated":true}]}}