{"id":10130,"date":"2021-07-13T08:40:16","date_gmt":"2021-07-13T08:40:16","guid":{"rendered":"https:\/\/artenara.es\/portal-ciudadano\/?p=10130"},"modified":"2021-07-13T08:42:18","modified_gmt":"2021-07-13T08:42:18","slug":"aplazados-todos-los-conciertos-de-por-fin-es-julio","status":"publish","type":"post","link":"https:\/\/www.artenara.es\/portal-ciudadano\/desarrollo-local\/aplazados-todos-los-conciertos-de-por-fin-es-julio\/","title":{"rendered":"Aplazados todos los conciertos de \u00a1Por Fin Es Julio!"},"content":{"rendered":"\n<p>*** APLAZADO HASTA NUEVA FECHA ***<\/p>\n\n\n\n<p><br>Edarte informa, por la presente comunicamos que, por motivos sanitarios, quedan aplazados todos los conciertos de la acci\u00f3n \u00a1 Por fin es julio !<br>En las pr\u00f3ximas semanas valoraremos y comunicaremos las nuevas fechas de celebraci\u00f3n de los diferentes conciertos.<br>Queremos agradecer la comprensi\u00f3n a todas las personas afectadas por esta circunstancia. Estamos trabajando para reconducir esta situaci\u00f3n lo antes posible.<br>Aprovechamos para recordar que no debemos perder de vista que la mejor manera de conseguir parar la expansi\u00f3n de la enfermedad pasa por atender a las recomendaciones de las autoridades de salud p\u00fablica.<\/p>\n","protected":false},"excerpt":{"rendered":"<p>*** APLAZADO HASTA NUEVA FECHA *** Edarte informa, por la presente comunicamos que, por motivos sanitarios, quedan aplazados todos los conciertos de la acci\u00f3n \u00a1 Por fin es julio !En las pr\u00f3ximas semanas valoraremos y comunicaremos las nuevas fechas de celebraci\u00f3n de los diferentes conciertos.Queremos agradecer la comprensi\u00f3n a todas las personas afectadas por esta &hellip;<\/p>\n","protected":false},"author":4,"featured_media":10131,"comment_status":"closed","ping_status":"open","sticky":false,"template":"","format":"standard","meta":[],"categories":[59],"tags":[],"_links":{"self":[{"href":"https:\/\/www.artenara.es\/portal-ciudadano\/wp-json\/wp\/v2\/posts\/10130"}],"collection":[{"href":"https:\/\/www.artenara.es\/portal-ciudadano\/wp-json\/wp\/v2\/posts"}],"about":[{"href":"https:\/\/www.artenara.es\/portal-ciudadano\/wp-json\/wp\/v2\/types\/post"}],"author":[{"embeddable":true,"href":"https:\/\/www.artenara.es\/portal-ciudadano\/wp-json\/wp\/v2\/users\/4"}],"replies":[{"embeddable":true,"href":"https:\/\/www.artenara.es\/portal-ciudadano\/wp-json\/wp\/v2\/comments?post=10130"}],"version-history":[{"count":2,"href":"https:\/\/www.artenara.es\/portal-ciudadano\/wp-json\/wp\/v2\/posts\/10130\/revisions"}],"predecessor-version":[{"id":10133,"href":"https:\/\/www.artenara.es\/portal-ciudadano\/wp-json\/wp\/v2\/posts\/10130\/revisions\/10133"}],"wp:featuredmedia":[{"embeddable":true,"href":"https:\/\/www.artenara.es\/portal-ciudadano\/wp-json\/wp\/v2\/media\/10131"}],"wp:attachment":[{"href":"https:\/\/www.artenara.es\/portal-ciudadano\/wp-json\/wp\/v2\/media?parent=10130"}],"wp:term":[{"taxonomy":"category","embeddable":true,"href":"https:\/\/www.artenara.es\/portal-ciudadano\/wp-json\/wp\/v2\/categories?post=10130"},{"taxonomy":"post_tag","embeddable":true,"href":"https:\/\/www.artenara.es\/portal-ciudadano\/wp-json\/wp\/v2\/tags?post=10130"}],"curies":[{"name":"wp","href":"https:\/\/api.w.org\/{rel}","templated":true}]}}