{"id":10156,"date":"2021-07-16T09:55:00","date_gmt":"2021-07-16T09:55:00","guid":{"rendered":"https:\/\/artenara.es\/portal-ciudadano\/?p=10156"},"modified":"2021-07-16T09:59:19","modified_gmt":"2021-07-16T09:59:19","slug":"%ef%bd%81%ef%bd%83%ef%bd%94%ef%bd%89%ef%bd%96%ef%bd%89%ef%bd%84%ef%bd%81%ef%bd%84%ef%bd%85%ef%bd%93-%ef%bd%84%ef%bd%85-%ef%bd%96%ef%bd%85%ef%bd%92%ef%bd%81%ef%bd%8e%ef%bd%8f","status":"publish","type":"post","link":"https:\/\/www.artenara.es\/portal-ciudadano\/cultura\/%ef%bd%81%ef%bd%83%ef%bd%94%ef%bd%89%ef%bd%96%ef%bd%89%ef%bd%84%ef%bd%81%ef%bd%84%ef%bd%85%ef%bd%93-%ef%bd%84%ef%bd%85-%ef%bd%96%ef%bd%85%ef%bd%92%ef%bd%81%ef%bd%8e%ef%bd%8f\/","title":{"rendered":"\uff21\uff43\uff54\uff49\uff56\uff49\uff44\uff41\uff44\uff45\uff53 \uff44\uff45 \uff36\uff45\uff52\uff41\uff4e\uff4f"},"content":{"rendered":"\n<p>\u00a1Nos vamos a Las Canteras!<\/p>\n\n\n\n<p>2 de Agosto - Clear Kayak-Snorkel <\/p>\n\n\n\n<p>16 de Agosto - Paddel Surf<\/p>\n\n\n\n<p><img loading=\"lazy\" height=\"16\" width=\"16\" alt=\"\u27a1\" src=\"https:\/\/www.facebook.com\/images\/emoji.php\/v9\/t25\/1.5\/16\/27a1.png\"> Aforo Limitado a 15 personas.<\/p>\n\n\n\n<p><img loading=\"lazy\" height=\"16\" width=\"16\" alt=\"\u27a1\" src=\"https:\/\/www.facebook.com\/images\/emoji.php\/v9\/t25\/1.5\/16\/27a1.png\"> Medidas Covid 19<\/p>\n\n\n\n<p><img loading=\"lazy\" height=\"16\" width=\"16\" alt=\"\ud83d\udcde\" src=\"https:\/\/www.facebook.com\/images\/emoji.php\/v9\/ta6\/1.5\/16\/1f4de.png\">928 666 117 ext.26 \u00f3 37An\u00edmate y Participa<\/p>\n\n\n\n<p><img loading=\"lazy\" height=\"16\" width=\"16\" alt=\"\u2757\ufe0f\" src=\"https:\/\/www.facebook.com\/images\/emoji.php\/v9\/td7\/1.5\/16\/2757.png\">Todas las actividades est\u00e1n sujetas a la evoluci\u00f3n sanitaria del momento.<\/p>\n\n\n\n<figure class=\"wp-block-gallery columns-2 is-cropped\"><ul class=\"blocks-gallery-grid\"><li class=\"blocks-gallery-item\"><figure><img loading=\"lazy\" width=\"724\" height=\"1024\" src=\"https:\/\/artenara.es\/portal-ciudadano\/wp-content\/uploads\/2021\/07\/Kayak-copia-724x1024.png\" alt=\"\" data-id=\"10157\" data-full-url=\"https:\/\/artenara.es\/portal-ciudadano\/wp-content\/uploads\/2021\/07\/Kayak-copia.png\" data-link=\"https:\/\/artenara.es\/portal-ciudadano\/?attachment_id=10157\" class=\"wp-image-10157\" srcset=\"https:\/\/www.artenara.es\/portal-ciudadano\/wp-content\/uploads\/2021\/07\/Kayak-copia-724x1024.png 724w, https:\/\/www.artenara.es\/portal-ciudadano\/wp-content\/uploads\/2021\/07\/Kayak-copia-212x300.png 212w, https:\/\/www.artenara.es\/portal-ciudadano\/wp-content\/uploads\/2021\/07\/Kayak-copia-768x1086.png 768w, https:\/\/www.artenara.es\/portal-ciudadano\/wp-content\/uploads\/2021\/07\/Kayak-copia-1086x1536.png 1086w, https:\/\/www.artenara.es\/portal-ciudadano\/wp-content\/uploads\/2021\/07\/Kayak-copia-418x591.png 418w, https:\/\/www.artenara.es\/portal-ciudadano\/wp-content\/uploads\/2021\/07\/Kayak-copia.png 1414w\" sizes=\"(max-width: 724px) 100vw, 724px\" \/><\/figure><\/li><li class=\"blocks-gallery-item\"><figure><img loading=\"lazy\" width=\"724\" height=\"1024\" src=\"https:\/\/artenara.es\/portal-ciudadano\/wp-content\/uploads\/2021\/07\/PADDEL-SURF-724x1024.png\" alt=\"\" data-id=\"10158\" data-full-url=\"https:\/\/artenara.es\/portal-ciudadano\/wp-content\/uploads\/2021\/07\/PADDEL-SURF.png\" data-link=\"https:\/\/artenara.es\/portal-ciudadano\/?attachment_id=10158\" class=\"wp-image-10158\" srcset=\"https:\/\/www.artenara.es\/portal-ciudadano\/wp-content\/uploads\/2021\/07\/PADDEL-SURF-724x1024.png 724w, https:\/\/www.artenara.es\/portal-ciudadano\/wp-content\/uploads\/2021\/07\/PADDEL-SURF-212x300.png 212w, https:\/\/www.artenara.es\/portal-ciudadano\/wp-content\/uploads\/2021\/07\/PADDEL-SURF-768x1086.png 768w, https:\/\/www.artenara.es\/portal-ciudadano\/wp-content\/uploads\/2021\/07\/PADDEL-SURF-1086x1536.png 1086w, https:\/\/www.artenara.es\/portal-ciudadano\/wp-content\/uploads\/2021\/07\/PADDEL-SURF-418x591.png 418w, https:\/\/www.artenara.es\/portal-ciudadano\/wp-content\/uploads\/2021\/07\/PADDEL-SURF.png 1414w\" sizes=\"(max-width: 724px) 100vw, 724px\" \/><\/figure><\/li><\/ul><\/figure>\n\n\n\n<p>Las diferentes actividades est\u00e1n subvencionadas por la consejer\u00eda de Educaci\u00f3n y Juventud del Cabildo de Gran Canaria y organizadas el \u00e1rea de Juventud del Ayuntamiento de Artenara.<\/p>\n","protected":false},"excerpt":{"rendered":"<p>\u00a1Nos vamos a Las Canteras! 2 de Agosto &#8211; Clear Kayak-Snorkel 16 de Agosto &#8211; Paddel Surf Aforo Limitado a 15 personas. Medidas Covid 19 928 666 117 ext.26 \u00f3 37An\u00edmate y Participa Todas las actividades est\u00e1n sujetas a la evoluci\u00f3n sanitaria del momento. Las diferentes actividades est\u00e1n subvencionadas por la consejer\u00eda de Educaci\u00f3n y &hellip;<\/p>\n","protected":false},"author":4,"featured_media":8499,"comment_status":"closed","ping_status":"open","sticky":false,"template":"","format":"standard","meta":[],"categories":[6],"tags":[217,234,302,299,303,300,301],"_links":{"self":[{"href":"https:\/\/www.artenara.es\/portal-ciudadano\/wp-json\/wp\/v2\/posts\/10156"}],"collection":[{"href":"https:\/\/www.artenara.es\/portal-ciudadano\/wp-json\/wp\/v2\/posts"}],"about":[{"href":"https:\/\/www.artenara.es\/portal-ciudadano\/wp-json\/wp\/v2\/types\/post"}],"author":[{"embeddable":true,"href":"https:\/\/www.artenara.es\/portal-ciudadano\/wp-json\/wp\/v2\/users\/4"}],"replies":[{"embeddable":true,"href":"https:\/\/www.artenara.es\/portal-ciudadano\/wp-json\/wp\/v2\/comments?post=10156"}],"version-history":[{"count":1,"href":"https:\/\/www.artenara.es\/portal-ciudadano\/wp-json\/wp\/v2\/posts\/10156\/revisions"}],"predecessor-version":[{"id":10161,"href":"https:\/\/www.artenara.es\/portal-ciudadano\/wp-json\/wp\/v2\/posts\/10156\/revisions\/10161"}],"wp:featuredmedia":[{"embeddable":true,"href":"https:\/\/www.artenara.es\/portal-ciudadano\/wp-json\/wp\/v2\/media\/8499"}],"wp:attachment":[{"href":"https:\/\/www.artenara.es\/portal-ciudadano\/wp-json\/wp\/v2\/media?parent=10156"}],"wp:term":[{"taxonomy":"category","embeddable":true,"href":"https:\/\/www.artenara.es\/portal-ciudadano\/wp-json\/wp\/v2\/categories?post=10156"},{"taxonomy":"post_tag","embeddable":true,"href":"https:\/\/www.artenara.es\/portal-ciudadano\/wp-json\/wp\/v2\/tags?post=10156"}],"curies":[{"name":"wp","href":"https:\/\/api.w.org\/{rel}","templated":true}]}}