{"id":10184,"date":"2021-07-19T14:18:10","date_gmt":"2021-07-19T14:18:10","guid":{"rendered":"https:\/\/artenara.es\/portal-ciudadano\/?p=10184"},"modified":"2021-07-19T14:18:11","modified_gmt":"2021-07-19T14:18:11","slug":"%f0%9d%90%8b%f0%9d%90%a8%f0%9d%90%ac-%f0%9d%90%ad%f0%9d%90%9a%f0%9d%90%a5%f0%9d%90%a5%f0%9d%90%9e%f0%9d%90%ab%f0%9d%90%9e%f0%9d%90%ac-%f0%9d%90%9d%f0%9d%90%9e-%f0%9d%90%9a%f0%9d%90%9c%f0%9d%90%ad","status":"publish","type":"post","link":"https:\/\/www.artenara.es\/portal-ciudadano\/cultura\/%f0%9d%90%8b%f0%9d%90%a8%f0%9d%90%ac-%f0%9d%90%ad%f0%9d%90%9a%f0%9d%90%a5%f0%9d%90%a5%f0%9d%90%9e%f0%9d%90%ab%f0%9d%90%9e%f0%9d%90%ac-%f0%9d%90%9d%f0%9d%90%9e-%f0%9d%90%9a%f0%9d%90%9c%f0%9d%90%ad\/","title":{"rendered":"\ud835\udc0b\ud835\udc28\ud835\udc2c \ud835\udc2d\ud835\udc1a\ud835\udc25\ud835\udc25\ud835\udc1e\ud835\udc2b\ud835\udc1e\ud835\udc2c \ud835\udc1d\ud835\udc1e \ud835\udc1a\ud835\udc1c\ud835\udc2d\ud835\udc22\ud835\udc2f\ud835\udc22\ud835\udc1d\ud835\udc1a\ud835\udc1d\ud835\udc1e\ud835\udc2c \ud835\udc2d\ud835\udc2b\ud835\udc1a\ud835\udc1d\ud835\udc22\ud835\udc1c\ud835\udc22\ud835\udc28\ud835\udc27\ud835\udc1a\ud835\udc25\ud835\udc1e\ud835\udc2c \ud835\udc1d\ud835\udc1e \ud835\udc00\ud835\udc2b\ud835\udc2d\ud835\udc1e\ud835\udc27\ud835\udc1a\ud835\udc2b\ud835\udc1a \ud835\udc1d\ud835\udc22\ud835\udc1f\ud835\udc2e\ud835\udc27\ud835\udc1d\ud835\udc1e\ud835\udc27 \ud835\udc1e\ud835\udc25 \ud835\udc29\ud835\udc1a\ud835\udc2d\ud835\udc2b\ud835\udc22\ud835\udc26\ud835\udc28\ud835\udc27\ud835\udc22\ud835\udc28 \ud835\udc22\ud835\udc27\ud835\udc26\ud835\udc1a\ud835\udc2d\ud835\udc1e\ud835\udc2b\ud835\udc22\ud835\udc1a\ud835\udc25 \ud835\udc1d\ud835\udc1e \ud835\udc25\ud835\udc1a\ud835\udc2c \ud835\udc1c\ud835\udc2e\ud835\udc26\ud835\udc1b\ud835\udc2b\ud835\udc1e\ud835\udc2c \ud835\udc22\ud835\udc2c\ud835\udc25\ud835\udc1e\u00f1\ud835\udc1a\ud835\udc2c"},"content":{"rendered":"\n<p><br>\ud83d\udcf0\ud83c\udd95 Artenara es noticia en la secci\u00f3n de actualidad y noticias del Cabildo de Gran Canaria.<\/p>\n\n\n\n<p><br>El p\u00fablico recibe con entusiasmo las actividades programadas dentro de la propuesta veraniega de Artenara y el Cabildo de Gran Canaria que lleva el nombre de Solsticio de Verano. Durante esta pen\u00faltima semana de julio se convocan varios talleres de oficios tradicionales, la ruta guiada a Acusa Seca y la presentaci\u00f3n de un libro sobre la alfarer\u00eda.<br>En ella se mencionan a Mari Le\u00f3n y Jennyfer Cabrera, pr\u00f3ximas protagonistas, entre otros, de los talleres que se impartir\u00e1n en nuestro municipio, todo un orgullo para nosotros al poder contar con nuestra gente para que ense\u00f1en y contin\u00faen con nuestras tradiciones.\ud83e\uddf6\ud83c\udffa<br>Para leer la noticia pincha aqu\u00ed\ud83d\udc47<\/p>\n\n\n\n<p><br><a href=\"https:\/\/cabildo.grancanaria.com\/-\/noticia-los-talleres-de-actividades-tradicionales-de-artenara-difunden-el-patrimonio-inmaterial-de-las-cumbres-islenas?redirect=%2F\">https:\/\/cabildo.grancanaria.com\/-\/noticia-los-talleres-de-actividades-tradicionales-de-artenara-difunden-el-patrimonio-inmaterial-de-las-cumbres-islenas?redirect=%2F<\/a><\/p>\n\n\n\n<p>\ud83d\udc99\ud83e\udd0d\ud83d\udc9a<br><\/p>\n","protected":false},"excerpt":{"rendered":"<p>\ud83d\udcf0\ud83c\udd95 Artenara es noticia en la secci\u00f3n de actualidad y noticias del Cabildo de Gran Canaria. El p\u00fablico recibe con entusiasmo las actividades programadas dentro de la propuesta veraniega de Artenara y el Cabildo de Gran Canaria que lleva el nombre de Solsticio de Verano. Durante esta pen\u00faltima semana de julio se convocan varios talleres &hellip;<\/p>\n","protected":false},"author":4,"featured_media":10185,"comment_status":"closed","ping_status":"open","sticky":false,"template":"","format":"standard","meta":[],"categories":[6],"tags":[],"_links":{"self":[{"href":"https:\/\/www.artenara.es\/portal-ciudadano\/wp-json\/wp\/v2\/posts\/10184"}],"collection":[{"href":"https:\/\/www.artenara.es\/portal-ciudadano\/wp-json\/wp\/v2\/posts"}],"about":[{"href":"https:\/\/www.artenara.es\/portal-ciudadano\/wp-json\/wp\/v2\/types\/post"}],"author":[{"embeddable":true,"href":"https:\/\/www.artenara.es\/portal-ciudadano\/wp-json\/wp\/v2\/users\/4"}],"replies":[{"embeddable":true,"href":"https:\/\/www.artenara.es\/portal-ciudadano\/wp-json\/wp\/v2\/comments?post=10184"}],"version-history":[{"count":1,"href":"https:\/\/www.artenara.es\/portal-ciudadano\/wp-json\/wp\/v2\/posts\/10184\/revisions"}],"predecessor-version":[{"id":10186,"href":"https:\/\/www.artenara.es\/portal-ciudadano\/wp-json\/wp\/v2\/posts\/10184\/revisions\/10186"}],"wp:featuredmedia":[{"embeddable":true,"href":"https:\/\/www.artenara.es\/portal-ciudadano\/wp-json\/wp\/v2\/media\/10185"}],"wp:attachment":[{"href":"https:\/\/www.artenara.es\/portal-ciudadano\/wp-json\/wp\/v2\/media?parent=10184"}],"wp:term":[{"taxonomy":"category","embeddable":true,"href":"https:\/\/www.artenara.es\/portal-ciudadano\/wp-json\/wp\/v2\/categories?post=10184"},{"taxonomy":"post_tag","embeddable":true,"href":"https:\/\/www.artenara.es\/portal-ciudadano\/wp-json\/wp\/v2\/tags?post=10184"}],"curies":[{"name":"wp","href":"https:\/\/api.w.org\/{rel}","templated":true}]}}