{"id":10205,"date":"2021-07-22T10:29:30","date_gmt":"2021-07-22T10:29:30","guid":{"rendered":"https:\/\/artenara.es\/portal-ciudadano\/?p=10205"},"modified":"2021-07-22T10:29:30","modified_gmt":"2021-07-22T10:29:30","slug":"%f0%9d%90%83i%f0%9d%90%80-%f0%9d%90%88%f0%9d%90%8d%f0%9d%90%93%f0%9d%90%84%f0%9d%90%91%f0%9d%90%8d%f0%9d%90%80%f0%9d%90%82%f0%9d%90%88%f0%9d%90%8e%f0%9d%90%8d%f0%9d%90%80%f0%9d%90%8b-%f0%9d%90%83","status":"publish","type":"post","link":"https:\/\/www.artenara.es\/portal-ciudadano\/cultura\/%f0%9d%90%83i%f0%9d%90%80-%f0%9d%90%88%f0%9d%90%8d%f0%9d%90%93%f0%9d%90%84%f0%9d%90%91%f0%9d%90%8d%f0%9d%90%80%f0%9d%90%82%f0%9d%90%88%f0%9d%90%8e%f0%9d%90%8d%f0%9d%90%80%f0%9d%90%8b-%f0%9d%90%83\/","title":{"rendered":"\ud835\udc03\u00cd\ud835\udc00 \ud835\udc08\ud835\udc0d\ud835\udc13\ud835\udc04\ud835\udc11\ud835\udc0d\ud835\udc00\ud835\udc02\ud835\udc08\ud835\udc0e\ud835\udc0d\ud835\udc00\ud835\udc0b \ud835\udc03\ud835\udc04 \ud835\udc0b\ud835\udc00 \ud835\udc09\ud835\udc14\ud835\udc15\ud835\udc04\ud835\udc0d\ud835\udc13\ud835\udc14\ud835\udc03"},"content":{"rendered":"\n<figure class=\"wp-block-image size-large\"><img loading=\"lazy\" width=\"819\" height=\"1024\" src=\"https:\/\/artenara.es\/portal-ciudadano\/wp-content\/uploads\/2021\/07\/descarga-819x1024.png\" alt=\"\" class=\"wp-image-10217\" srcset=\"https:\/\/www.artenara.es\/portal-ciudadano\/wp-content\/uploads\/2021\/07\/descarga-819x1024.png 819w, https:\/\/www.artenara.es\/portal-ciudadano\/wp-content\/uploads\/2021\/07\/descarga-240x300.png 240w, https:\/\/www.artenara.es\/portal-ciudadano\/wp-content\/uploads\/2021\/07\/descarga-768x960.png 768w, https:\/\/www.artenara.es\/portal-ciudadano\/wp-content\/uploads\/2021\/07\/descarga-418x523.png 418w, https:\/\/www.artenara.es\/portal-ciudadano\/wp-content\/uploads\/2021\/07\/descarga.png 1080w\" sizes=\"(max-width: 819px) 100vw, 819px\" \/><\/figure>\n\n\n\n<p>El 12 de agosto tienes una cita en INFECAR, Las Palmas de Gran Canaria, de 19.00 a 23.30H. aprox.<\/p>\n\n\n\n<p>Entre muchos\/as artistas les adelantamos la actuaci\u00f3n de Efecto Pasillo. Se ampliar\u00e1 informaci\u00f3n en los pr\u00f3ximos d\u00edas <img loading=\"lazy\" height=\"16\" width=\"16\" alt=\"\ud83c\udfa4\" src=\"https:\/\/www.facebook.com\/images\/emoji.php\/v9\/td7\/1.5\/16\/1f3a4.png\"> Debes tener entre 14 y 30 a\u00f1os.<\/p>\n\n\n\n<p>INSCRIPCI\u00d3NES hasta el 5 de agosto, a trav\u00e9s del siguiente enlace <img loading=\"lazy\" height=\"16\" width=\"16\" alt=\"\u2b07\ufe0f\" src=\"https:\/\/www.facebook.com\/images\/emoji.php\/v9\/ta7\/1.5\/16\/2b07.png\"><a rel=\"noreferrer noopener\" href=\"https:\/\/bit.ly\/diajuventud2021?fbclid=IwAR0iE2jy5o5cCK5pwGBhKPcHL5XX24x9Fi8zfiIw92TDKKsFQWmV2xpXg1E\" target=\"_blank\">https:\/\/bit.ly\/diajuventud2021<\/a><\/p>\n\n\n\n<p><img loading=\"lazy\" height=\"16\" width=\"16\" alt=\"\ud83d\ude8c\" src=\"https:\/\/www.facebook.com\/images\/emoji.php\/v9\/td2\/1.5\/16\/1f68c.png\"> Transporte Artenara-Las Palmas ( ida y vuelta incluidos).<\/p>\n\n\n\n<p>Plazas y aforo limitados.<\/p>\n\n\n\n<p><img loading=\"lazy\" height=\"16\" width=\"16\" alt=\"\u2757\" src=\"https:\/\/www.facebook.com\/images\/emoji.php\/v9\/td7\/1.5\/16\/2757.png\">Se activar\u00e1n todas las medidas de seguridad y protocolo COVID-19.Organiza Consejer\u00eda de Educaci\u00f3n y Juventud del Cabildo de G.C., colaboran todos los ayuntamientos de la isla. <\/p>\n\n\n\n<p><\/p>\n","protected":false},"excerpt":{"rendered":"<p>El 12 de agosto tienes una cita en INFECAR, Las Palmas de Gran Canaria, de 19.00 a 23.30H. aprox. Entre muchos\/as artistas les adelantamos la actuaci\u00f3n de Efecto Pasillo. Se ampliar\u00e1 informaci\u00f3n en los pr\u00f3ximos d\u00edas Debes tener entre 14 y 30 a\u00f1os. INSCRIPCI\u00d3NES hasta el 5 de agosto, a trav\u00e9s del siguiente enlace https:\/\/bit.ly\/diajuventud2021 &hellip;<\/p>\n","protected":false},"author":4,"featured_media":10218,"comment_status":"open","ping_status":"open","sticky":false,"template":"","format":"standard","meta":[],"categories":[6],"tags":[158,311,234,310],"_links":{"self":[{"href":"https:\/\/www.artenara.es\/portal-ciudadano\/wp-json\/wp\/v2\/posts\/10205"}],"collection":[{"href":"https:\/\/www.artenara.es\/portal-ciudadano\/wp-json\/wp\/v2\/posts"}],"about":[{"href":"https:\/\/www.artenara.es\/portal-ciudadano\/wp-json\/wp\/v2\/types\/post"}],"author":[{"embeddable":true,"href":"https:\/\/www.artenara.es\/portal-ciudadano\/wp-json\/wp\/v2\/users\/4"}],"replies":[{"embeddable":true,"href":"https:\/\/www.artenara.es\/portal-ciudadano\/wp-json\/wp\/v2\/comments?post=10205"}],"version-history":[{"count":1,"href":"https:\/\/www.artenara.es\/portal-ciudadano\/wp-json\/wp\/v2\/posts\/10205\/revisions"}],"predecessor-version":[{"id":10219,"href":"https:\/\/www.artenara.es\/portal-ciudadano\/wp-json\/wp\/v2\/posts\/10205\/revisions\/10219"}],"wp:featuredmedia":[{"embeddable":true,"href":"https:\/\/www.artenara.es\/portal-ciudadano\/wp-json\/wp\/v2\/media\/10218"}],"wp:attachment":[{"href":"https:\/\/www.artenara.es\/portal-ciudadano\/wp-json\/wp\/v2\/media?parent=10205"}],"wp:term":[{"taxonomy":"category","embeddable":true,"href":"https:\/\/www.artenara.es\/portal-ciudadano\/wp-json\/wp\/v2\/categories?post=10205"},{"taxonomy":"post_tag","embeddable":true,"href":"https:\/\/www.artenara.es\/portal-ciudadano\/wp-json\/wp\/v2\/tags?post=10205"}],"curies":[{"name":"wp","href":"https:\/\/api.w.org\/{rel}","templated":true}]}}