{"id":10223,"date":"2021-07-22T12:30:57","date_gmt":"2021-07-22T12:30:57","guid":{"rendered":"https:\/\/artenara.es\/portal-ciudadano\/?p=10223"},"modified":"2021-07-22T12:30:57","modified_gmt":"2021-07-22T12:30:57","slug":"%f0%9d%90%8c%f0%9d%90%9a%f0%9d%90%ab%f0%9d%90%9c%f0%9d%90%a8-%f0%9d%90%84%f0%9d%90%ac%f0%9d%90%ad%f0%9d%90%ab%f0%9d%90%9a%f0%9d%90%ad%f0%9d%90%9e%f0%9d%90%a0%f0%9d%90%a2%f0%9d%90%9c%f0%9d%90%a8","status":"publish","type":"post","link":"https:\/\/www.artenara.es\/portal-ciudadano\/social\/%f0%9d%90%8c%f0%9d%90%9a%f0%9d%90%ab%f0%9d%90%9c%f0%9d%90%a8-%f0%9d%90%84%f0%9d%90%ac%f0%9d%90%ad%f0%9d%90%ab%f0%9d%90%9a%f0%9d%90%ad%f0%9d%90%9e%f0%9d%90%a0%f0%9d%90%a2%f0%9d%90%9c%f0%9d%90%a8\/","title":{"rendered":"\ud835\udc0c\ud835\udc1a\ud835\udc2b\ud835\udc1c\ud835\udc28 \ud835\udc04\ud835\udc2c\ud835\udc2d\ud835\udc2b\ud835\udc1a\ud835\udc2d\ud835\udc1e\u0301\ud835\udc20\ud835\udc22\ud835\udc1c\ud835\udc28 \ud835\udc29\ud835\udc28\ud835\udc2b \ud835\udc25\ud835\udc1a \ud835\udc08\ud835\udc20\ud835\udc2e\ud835\udc1a\ud835\udc25\ud835\udc1d\ud835\udc1a\ud835\udc1d \ud835\udc06\ud835\udc2b\ud835\udc1a\ud835\udc27 \ud835\udc02\ud835\udc1a\ud835\udc27\ud835\udc1a\ud835\udc2b\ud835\udc22\ud835\udc1a \ud835\udc08\ud835\udc27\ud835\udc1f\ud835\udc22\ud835\udc27\ud835\udc22\ud835\udc2d\ud835\udc1a."},"content":{"rendered":"\n<p>Artenara se adhiere al \ud835\udc0c\ud835\udc1a\ud835\udc2b\ud835\udc1c\ud835\udc28 \ud835\udc04\ud835\udc2c\ud835\udc2d\ud835\udc2b\ud835\udc1a\ud835\udc2d\ud835\udc1e\u0301\ud835\udc20\ud835\udc22\ud835\udc1c\ud835\udc28 \ud835\udc29\ud835\udc28\ud835\udc2b \ud835\udc25\ud835\udc1a \ud835\udc08\ud835\udc20\ud835\udc2e\ud835\udc1a\ud835\udc25\ud835\udc1d\ud835\udc1a\ud835\udc1d \ud835\udc06\ud835\udc2b\ud835\udc1a\ud835\udc27 \ud835\udc02\ud835\udc1a\ud835\udc27\ud835\udc1a\ud835\udc2b\ud835\udc22\ud835\udc1a \ud835\udc08\ud835\udc27\ud835\udc1f\ud835\udc22\ud835\udc27\ud835\udc22\ud835\udc2d\ud835\udc1a.El Marco Estrat\u00e9gico por la Igualdad, impulsado por la Consejer\u00eda de Igualdad, Diversidad y Transparencia del Cabildo de Gran Canaria, fue ratificado ayer con el acto de firma de adhesi\u00f3n del convenio por la igualdad. Al acto celebrado en el Jard\u00edn Bot\u00e1nico acudieron representantes de los 21 municipios. Por parte del Ayuntamiento de Artenara estuvo presente la Concejala de Igualdad Rosa Mar\u00eda Ojeda del Pino. Con esta firma Artenara se suma a contribuir y avanzar en las pol\u00edticas de igualdad d\u00e1ndole gran relevancia a la mejora de las condiciones de vida de las mujeres rurales. <a href=\"https:\/\/www.facebook.com\/GranCanariaIgualdad\/?__cft__[0]=AZXfFRFzeXYbgvr_gVPfu-4lHsWJTjqgTAuOzwvMp4cn9CGjiOd5qMlPXSgTysCEia4BjadK5ITgeYNHp6fKEw1OHhyBcnyZzKrjSQGFsoQ4swdQW5HJMPpk5Y-VFntmQw88VLUglii_Fgei_6RloDmCwBnIP53A6NzjrMUlUD1KEel4YC1SRKfUgc83MmVcNWo&amp;__tn__=kK-R\">Gran Canaria Igualdad<\/a><\/p>\n\n\n\n<div class=\"wp-block-group\"><div class=\"wp-block-group__inner-container\">\n<figure class=\"wp-block-gallery columns-3 is-cropped\"><ul class=\"blocks-gallery-grid\"><li class=\"blocks-gallery-item\"><figure><img loading=\"lazy\" width=\"1024\" height=\"683\" src=\"https:\/\/artenara.es\/portal-ciudadano\/wp-content\/uploads\/2021\/07\/218875367_1987904548024265_4802161900161056654_n-1-1024x683.jpg\" alt=\"\" data-id=\"10227\" data-full-url=\"https:\/\/artenara.es\/portal-ciudadano\/wp-content\/uploads\/2021\/07\/218875367_1987904548024265_4802161900161056654_n-1.jpg\" data-link=\"https:\/\/artenara.es\/portal-ciudadano\/?attachment_id=10227\" class=\"wp-image-10227\" srcset=\"https:\/\/www.artenara.es\/portal-ciudadano\/wp-content\/uploads\/2021\/07\/218875367_1987904548024265_4802161900161056654_n-1-1024x683.jpg 1024w, https:\/\/www.artenara.es\/portal-ciudadano\/wp-content\/uploads\/2021\/07\/218875367_1987904548024265_4802161900161056654_n-1-300x200.jpg 300w, https:\/\/www.artenara.es\/portal-ciudadano\/wp-content\/uploads\/2021\/07\/218875367_1987904548024265_4802161900161056654_n-1-768x512.jpg 768w, https:\/\/www.artenara.es\/portal-ciudadano\/wp-content\/uploads\/2021\/07\/218875367_1987904548024265_4802161900161056654_n-1-1536x1024.jpg 1536w, https:\/\/www.artenara.es\/portal-ciudadano\/wp-content\/uploads\/2021\/07\/218875367_1987904548024265_4802161900161056654_n-1-418x279.jpg 418w, https:\/\/www.artenara.es\/portal-ciudadano\/wp-content\/uploads\/2021\/07\/218875367_1987904548024265_4802161900161056654_n-1.jpg 2048w\" sizes=\"(max-width: 1024px) 100vw, 1024px\" \/><\/figure><\/li><li class=\"blocks-gallery-item\"><figure><img loading=\"lazy\" width=\"1024\" height=\"683\" src=\"https:\/\/artenara.es\/portal-ciudadano\/wp-content\/uploads\/2021\/07\/219032653_1987904688024251_6535426765750095016_n-1-1024x683.jpg\" alt=\"\" data-id=\"10228\" data-full-url=\"https:\/\/artenara.es\/portal-ciudadano\/wp-content\/uploads\/2021\/07\/219032653_1987904688024251_6535426765750095016_n-1.jpg\" data-link=\"https:\/\/artenara.es\/portal-ciudadano\/?attachment_id=10228\" class=\"wp-image-10228\" srcset=\"https:\/\/www.artenara.es\/portal-ciudadano\/wp-content\/uploads\/2021\/07\/219032653_1987904688024251_6535426765750095016_n-1-1024x683.jpg 1024w, https:\/\/www.artenara.es\/portal-ciudadano\/wp-content\/uploads\/2021\/07\/219032653_1987904688024251_6535426765750095016_n-1-300x200.jpg 300w, https:\/\/www.artenara.es\/portal-ciudadano\/wp-content\/uploads\/2021\/07\/219032653_1987904688024251_6535426765750095016_n-1-768x512.jpg 768w, https:\/\/www.artenara.es\/portal-ciudadano\/wp-content\/uploads\/2021\/07\/219032653_1987904688024251_6535426765750095016_n-1-1536x1024.jpg 1536w, https:\/\/www.artenara.es\/portal-ciudadano\/wp-content\/uploads\/2021\/07\/219032653_1987904688024251_6535426765750095016_n-1-418x279.jpg 418w, https:\/\/www.artenara.es\/portal-ciudadano\/wp-content\/uploads\/2021\/07\/219032653_1987904688024251_6535426765750095016_n-1.jpg 2048w\" sizes=\"(max-width: 1024px) 100vw, 1024px\" \/><\/figure><\/li><li class=\"blocks-gallery-item\"><figure><img loading=\"lazy\" width=\"1024\" height=\"683\" src=\"https:\/\/artenara.es\/portal-ciudadano\/wp-content\/uploads\/2021\/07\/219328362_1987904414690945_3211044239745540557_n-1-1024x683.jpg\" alt=\"\" data-id=\"10229\" data-full-url=\"https:\/\/artenara.es\/portal-ciudadano\/wp-content\/uploads\/2021\/07\/219328362_1987904414690945_3211044239745540557_n-1.jpg\" data-link=\"https:\/\/artenara.es\/portal-ciudadano\/?attachment_id=10229\" class=\"wp-image-10229\" srcset=\"https:\/\/www.artenara.es\/portal-ciudadano\/wp-content\/uploads\/2021\/07\/219328362_1987904414690945_3211044239745540557_n-1-1024x683.jpg 1024w, https:\/\/www.artenara.es\/portal-ciudadano\/wp-content\/uploads\/2021\/07\/219328362_1987904414690945_3211044239745540557_n-1-300x200.jpg 300w, https:\/\/www.artenara.es\/portal-ciudadano\/wp-content\/uploads\/2021\/07\/219328362_1987904414690945_3211044239745540557_n-1-768x512.jpg 768w, https:\/\/www.artenara.es\/portal-ciudadano\/wp-content\/uploads\/2021\/07\/219328362_1987904414690945_3211044239745540557_n-1-1536x1024.jpg 1536w, https:\/\/www.artenara.es\/portal-ciudadano\/wp-content\/uploads\/2021\/07\/219328362_1987904414690945_3211044239745540557_n-1-418x279.jpg 418w, https:\/\/www.artenara.es\/portal-ciudadano\/wp-content\/uploads\/2021\/07\/219328362_1987904414690945_3211044239745540557_n-1.jpg 2048w\" sizes=\"(max-width: 1024px) 100vw, 1024px\" \/><\/figure><\/li><\/ul><\/figure>\n<\/div><\/div>\n","protected":false},"excerpt":{"rendered":"<p>Artenara se adhiere al \ud835\udc0c\ud835\udc1a\ud835\udc2b\ud835\udc1c\ud835\udc28 \ud835\udc04\ud835\udc2c\ud835\udc2d\ud835\udc2b\ud835\udc1a\ud835\udc2d\ud835\udc1e\u0301\ud835\udc20\ud835\udc22\ud835\udc1c\ud835\udc28 \ud835\udc29\ud835\udc28\ud835\udc2b \ud835\udc25\ud835\udc1a \ud835\udc08\ud835\udc20\ud835\udc2e\ud835\udc1a\ud835\udc25\ud835\udc1d\ud835\udc1a\ud835\udc1d \ud835\udc06\ud835\udc2b\ud835\udc1a\ud835\udc27 \ud835\udc02\ud835\udc1a\ud835\udc27\ud835\udc1a\ud835\udc2b\ud835\udc22\ud835\udc1a \ud835\udc08\ud835\udc27\ud835\udc1f\ud835\udc22\ud835\udc27\ud835\udc22\ud835\udc2d\ud835\udc1a.El Marco Estrat\u00e9gico por la Igualdad, impulsado por la Consejer\u00eda de Igualdad, Diversidad y Transparencia del Cabildo de Gran Canaria, fue ratificado ayer con el acto de firma de adhesi\u00f3n del convenio por la igualdad. Al acto celebrado en el Jard\u00edn Bot\u00e1nico acudieron representantes &hellip;<\/p>\n","protected":false},"author":4,"featured_media":10226,"comment_status":"closed","ping_status":"open","sticky":false,"template":"","format":"standard","meta":[],"categories":[3],"tags":[],"_links":{"self":[{"href":"https:\/\/www.artenara.es\/portal-ciudadano\/wp-json\/wp\/v2\/posts\/10223"}],"collection":[{"href":"https:\/\/www.artenara.es\/portal-ciudadano\/wp-json\/wp\/v2\/posts"}],"about":[{"href":"https:\/\/www.artenara.es\/portal-ciudadano\/wp-json\/wp\/v2\/types\/post"}],"author":[{"embeddable":true,"href":"https:\/\/www.artenara.es\/portal-ciudadano\/wp-json\/wp\/v2\/users\/4"}],"replies":[{"embeddable":true,"href":"https:\/\/www.artenara.es\/portal-ciudadano\/wp-json\/wp\/v2\/comments?post=10223"}],"version-history":[{"count":1,"href":"https:\/\/www.artenara.es\/portal-ciudadano\/wp-json\/wp\/v2\/posts\/10223\/revisions"}],"predecessor-version":[{"id":10230,"href":"https:\/\/www.artenara.es\/portal-ciudadano\/wp-json\/wp\/v2\/posts\/10223\/revisions\/10230"}],"wp:featuredmedia":[{"embeddable":true,"href":"https:\/\/www.artenara.es\/portal-ciudadano\/wp-json\/wp\/v2\/media\/10226"}],"wp:attachment":[{"href":"https:\/\/www.artenara.es\/portal-ciudadano\/wp-json\/wp\/v2\/media?parent=10223"}],"wp:term":[{"taxonomy":"category","embeddable":true,"href":"https:\/\/www.artenara.es\/portal-ciudadano\/wp-json\/wp\/v2\/categories?post=10223"},{"taxonomy":"post_tag","embeddable":true,"href":"https:\/\/www.artenara.es\/portal-ciudadano\/wp-json\/wp\/v2\/tags?post=10223"}],"curies":[{"name":"wp","href":"https:\/\/api.w.org\/{rel}","templated":true}]}}