{"id":10595,"date":"2021-11-03T08:25:18","date_gmt":"2021-11-03T08:25:18","guid":{"rendered":"https:\/\/artenara.es\/portal-ciudadano\/?p=10595"},"modified":"2021-11-03T08:25:19","modified_gmt":"2021-11-03T08:25:19","slug":"ciclo-de-talleres-para-madres","status":"publish","type":"post","link":"https:\/\/www.artenara.es\/portal-ciudadano\/social\/ciclo-de-talleres-para-madres\/","title":{"rendered":"Ciclo de Talleres para madres"},"content":{"rendered":"\n<p>La Concejal\u00eda de Igualdad del Ayuntamiento de Artenara, en colaboraci\u00f3n con el Cabildo de Gran Canaria, llevar\u00e1 a cabo un \u201cCiclo de Talleres para Madres\u201d, durante el mes de noviembre dirigido a \ud835\ude01\ud835\uddfc\ud835\uddf1\ud835\uddee\ud835\ude00 \ud835\uddf9\ud835\uddee\ud835\ude00 \ud835\uddfa\ud835\ude02\ud835\uddf7\ud835\uddf2\ud835\uddff\ud835\uddf2\ud835\ude00 \ud835\uddf1\ud835\uddf2\ud835\uddf9 \ud835\uddfa\ud835\ude02\ud835\uddfb\ud835\uddf6\ud835\uddf0\ud835\uddf6\ud835\uddfd\ud835\uddf6\ud835\uddfc \ud835\ude06 \ud835\uddee\ud835\uddf9\ud835\uddff\ud835\uddf2\ud835\uddf1\ud835\uddf2\ud835\uddf1\ud835\uddfc\ud835\uddff\ud835\uddf2\ud835\ude00 que quieran ser madres, est\u00e9n embarazadas o tengan beb\u00e9s entre 0 - 3 a\u00f1os.<\/p>\n\n\n\n<p><img loading=\"lazy\" height=\"16\" width=\"16\" alt=\"\u203c\" src=\"https:\/\/www.facebook.com\/images\/emoji.php\/v9\/tfe\/1.5\/16\/203c.png\">Empezamos el pr\u00f3ximo lunes d\u00eda 8 de Noviembre a las 17:00 horas en el Centro Cultural<\/p>\n\n\n\n<p><img loading=\"lazy\" height=\"16\" width=\"16\" alt=\"\u203c\" src=\"https:\/\/www.facebook.com\/images\/emoji.php\/v9\/tfe\/1.5\/16\/203c.png\">Para su realizaci\u00f3n se contar\u00e1 con profesionales especializados con dilatada experiencia en cada materia. <img loading=\"lazy\" height=\"16\" width=\"16\" alt=\"\u260e\" src=\"https:\/\/www.facebook.com\/images\/emoji.php\/v9\/ta9\/1.5\/16\/260e.png\"> Inf\u00f3rmate e Inscr\u00edbete en el 928666117 ext. 7<\/p>\n\n\n\n<figure class=\"wp-block-image size-large\"><img src=\"https:\/\/artenara.es\/portal-ciudadano\/wp-content\/uploads\/2021\/11\/251770991_2072421046239281_2913531854491759519_n-1-724x1024.png\" alt=\"\" class=\"wp-image-10597\"\/><\/figure>\n","protected":false},"excerpt":{"rendered":"<p>La Concejal\u00eda de Igualdad del Ayuntamiento de Artenara, en colaboraci\u00f3n con el Cabildo de Gran Canaria, llevar\u00e1 a cabo un \u201cCiclo de Talleres para Madres\u201d, durante el mes de noviembre dirigido a \ud835\ude01\ud835\uddfc\ud835\uddf1\ud835\uddee\ud835\ude00 \ud835\uddf9\ud835\uddee\ud835\ude00 \ud835\uddfa\ud835\ude02\ud835\uddf7\ud835\uddf2\ud835\uddff\ud835\uddf2\ud835\ude00 \ud835\uddf1\ud835\uddf2\ud835\uddf9 \ud835\uddfa\ud835\ude02\ud835\uddfb\ud835\uddf6\ud835\uddf0\ud835\uddf6\ud835\uddfd\ud835\uddf6\ud835\uddfc \ud835\ude06 \ud835\uddee\ud835\uddf9\ud835\uddff\ud835\uddf2\ud835\uddf1\ud835\uddf2\ud835\uddf1\ud835\uddfc\ud835\uddff\ud835\uddf2\ud835\ude00 que quieran ser madres, est\u00e9n embarazadas o tengan beb\u00e9s entre 0 &#8211; 3 a\u00f1os. Empezamos el &hellip;<\/p>\n","protected":false},"author":4,"featured_media":10596,"comment_status":"open","ping_status":"open","sticky":false,"template":"","format":"standard","meta":[],"categories":[3],"tags":[],"_links":{"self":[{"href":"https:\/\/www.artenara.es\/portal-ciudadano\/wp-json\/wp\/v2\/posts\/10595"}],"collection":[{"href":"https:\/\/www.artenara.es\/portal-ciudadano\/wp-json\/wp\/v2\/posts"}],"about":[{"href":"https:\/\/www.artenara.es\/portal-ciudadano\/wp-json\/wp\/v2\/types\/post"}],"author":[{"embeddable":true,"href":"https:\/\/www.artenara.es\/portal-ciudadano\/wp-json\/wp\/v2\/users\/4"}],"replies":[{"embeddable":true,"href":"https:\/\/www.artenara.es\/portal-ciudadano\/wp-json\/wp\/v2\/comments?post=10595"}],"version-history":[{"count":1,"href":"https:\/\/www.artenara.es\/portal-ciudadano\/wp-json\/wp\/v2\/posts\/10595\/revisions"}],"predecessor-version":[{"id":10598,"href":"https:\/\/www.artenara.es\/portal-ciudadano\/wp-json\/wp\/v2\/posts\/10595\/revisions\/10598"}],"wp:featuredmedia":[{"embeddable":true,"href":"https:\/\/www.artenara.es\/portal-ciudadano\/wp-json\/wp\/v2\/media\/10596"}],"wp:attachment":[{"href":"https:\/\/www.artenara.es\/portal-ciudadano\/wp-json\/wp\/v2\/media?parent=10595"}],"wp:term":[{"taxonomy":"category","embeddable":true,"href":"https:\/\/www.artenara.es\/portal-ciudadano\/wp-json\/wp\/v2\/categories?post=10595"},{"taxonomy":"post_tag","embeddable":true,"href":"https:\/\/www.artenara.es\/portal-ciudadano\/wp-json\/wp\/v2\/tags?post=10595"}],"curies":[{"name":"wp","href":"https:\/\/api.w.org\/{rel}","templated":true}]}}