{"id":10599,"date":"2021-11-03T10:10:15","date_gmt":"2021-11-03T10:10:15","guid":{"rendered":"https:\/\/artenara.es\/portal-ciudadano\/?p=10599"},"modified":"2021-11-03T10:10:41","modified_gmt":"2021-11-03T10:10:41","slug":"%f0%9d%90%83%f0%9d%90%88%f0%9d%90%80-%f0%9d%90%88%f0%9d%90%8d%f0%9d%90%93%f0%9d%90%84%f0%9d%90%91%f0%9d%90%8d%f0%9d%90%80%f0%9d%90%82%f0%9d%90%88%f0%9d%90%8e%f0%9d%90%8d%f0%9d%90%80%f0%9d%90%8b","status":"publish","type":"post","link":"https:\/\/www.artenara.es\/portal-ciudadano\/cultura\/%f0%9d%90%83%f0%9d%90%88%f0%9d%90%80-%f0%9d%90%88%f0%9d%90%8d%f0%9d%90%93%f0%9d%90%84%f0%9d%90%91%f0%9d%90%8d%f0%9d%90%80%f0%9d%90%82%f0%9d%90%88%f0%9d%90%8e%f0%9d%90%8d%f0%9d%90%80%f0%9d%90%8b\/","title":{"rendered":"\ud835\udc03\ud835\udc08\ud835\udc00 \ud835\udc08\ud835\udc0d\ud835\udc13\ud835\udc04\ud835\udc11\ud835\udc0d\ud835\udc00\ud835\udc02\ud835\udc08\ud835\udc0e\ud835\udc0d\ud835\udc00\ud835\udc0b \ud835\udc03\ud835\udc04 \ud835\udc0b\ud835\udc00 \ud835\udc09\ud835\udc14\ud835\udc15\ud835\udc04\ud835\udc0d\ud835\udc13\ud835\udc14\ud835\udc03 \ud835\udfd0\ud835\udfce\ud835\udfd0\ud835\udfcf"},"content":{"rendered":"\n<figure class=\"wp-block-image size-large\"><img src=\"https:\/\/artenara.es\/portal-ciudadano\/wp-content\/uploads\/2021\/11\/WhatsApp-Image-2021-11-02-at-14.59.50-1.jpeg\" alt=\"\" class=\"wp-image-10601\"\/><\/figure>\n\n\n\n<p>Tras el aplazamiento, la Consejer\u00eda de Educaci\u00f3n y Juventud del Cabildo de Gran Canaria, vuelve a organizar la celebraci\u00f3n del D\u00eda Internacional de Juventud en el municipio de Las Palmas de Gran Canaria, concretamente en INFECAR, el d\u00eda 19 de noviembre, para j\u00f3venes de 14-30 a\u00f1os de los 21 municipios de Gran Canaria.<img loading=\"lazy\" height=\"16\" width=\"16\" alt=\"\ud83c\udfb8\" src=\"https:\/\/www.facebook.com\/images\/emoji.php\/v9\/t7a\/1.5\/16\/1f3b8.png\"><img loading=\"lazy\" height=\"16\" width=\"16\" alt=\"\ud83c\udfbc\" src=\"https:\/\/www.facebook.com\/images\/emoji.php\/v9\/t25\/1.5\/16\/1f3bc.png\"><img loading=\"lazy\" height=\"16\" width=\"16\" alt=\"\ud83c\udfa4\" src=\"https:\/\/www.facebook.com\/images\/emoji.php\/v9\/td7\/1.5\/16\/1f3a4.png\">Entrada y transporte gratuitos.<\/p>\n\n\n\n<p>Inscripci\u00f3n: <a rel=\"noreferrer noopener\" href=\"https:\/\/bit.ly\/diajuventud2021?fbclid=IwAR3MsJvFPBaUW_7MCMTebYXaOtAlx4fx531Ki9PK-ojd9k4VyRat5fAEgRk\" target=\"_blank\">https:\/\/bit.ly\/diajuventud2021<\/a><\/p>\n\n\n\n<p>M\u00e1s informaci\u00f3n: <a rel=\"noreferrer noopener\" href=\"https:\/\/grancanariajoven.grancanaria.com\/?fbclid=IwAR0WOw0u7G_8SSM_BZETvePhqtXX3eSS4Ft_33WqZ24sVXdWo5M-cmr4BTM\" target=\"_blank\">https:\/\/grancanariajoven.grancanaria.com\/<\/a><\/p>\n\n\n\n<figure class=\"wp-block-image\"><img src=\"https:\/\/www.facebook.com\/images\/emoji.php\/v9\/tb9\/1.5\/16\/1f51d.png\" alt=\"\ud83d\udd1d\"\/><\/figure>\n\n\n\n<p><img loading=\"lazy\" height=\"16\" width=\"16\" alt=\"\u2757\" src=\"https:\/\/www.facebook.com\/images\/emoji.php\/v9\/td7\/1.5\/16\/2757.png\">Gestionar mi suscripci\u00f3n <\/p>\n\n\n\n<p>Para ponerte en contacto con nosotros por correo electr\u00f3nico aseg\u00farate de escribirnos a \ud835\udc22\ud835\udc27\ud835\udc1f\ud835\udc28@\ud835\udc20\ud835\udc2b\ud835\udc1a\ud835\udc27\ud835\udc1c\ud835\udc1a\ud835\udc27\ud835\udc1a\ud835\udc2b\ud835\udc22\ud835\udc1a\ud835\udc23\ud835\udc28\ud835\udc2f\ud835\udc1e\ud835\udc27.\ud835\udc1e\ud835\udc2c o accede aqu\u00ed para ver otras formas de contacto.<\/p>\n","protected":false},"excerpt":{"rendered":"<p>Tras el aplazamiento, la Consejer\u00eda de Educaci\u00f3n y Juventud del Cabildo de Gran Canaria, vuelve a organizar la celebraci\u00f3n del D\u00eda Internacional de Juventud en el municipio de Las Palmas de Gran Canaria, concretamente en INFECAR, el d\u00eda 19 de noviembre, para j\u00f3venes de 14-30 a\u00f1os de los 21 municipios de Gran Canaria.Entrada y transporte &hellip;<\/p>\n","protected":false},"author":4,"featured_media":10600,"comment_status":"closed","ping_status":"open","sticky":false,"template":"","format":"standard","meta":[],"categories":[6],"tags":[54,80,402,234,401],"_links":{"self":[{"href":"https:\/\/www.artenara.es\/portal-ciudadano\/wp-json\/wp\/v2\/posts\/10599"}],"collection":[{"href":"https:\/\/www.artenara.es\/portal-ciudadano\/wp-json\/wp\/v2\/posts"}],"about":[{"href":"https:\/\/www.artenara.es\/portal-ciudadano\/wp-json\/wp\/v2\/types\/post"}],"author":[{"embeddable":true,"href":"https:\/\/www.artenara.es\/portal-ciudadano\/wp-json\/wp\/v2\/users\/4"}],"replies":[{"embeddable":true,"href":"https:\/\/www.artenara.es\/portal-ciudadano\/wp-json\/wp\/v2\/comments?post=10599"}],"version-history":[{"count":1,"href":"https:\/\/www.artenara.es\/portal-ciudadano\/wp-json\/wp\/v2\/posts\/10599\/revisions"}],"predecessor-version":[{"id":10602,"href":"https:\/\/www.artenara.es\/portal-ciudadano\/wp-json\/wp\/v2\/posts\/10599\/revisions\/10602"}],"wp:featuredmedia":[{"embeddable":true,"href":"https:\/\/www.artenara.es\/portal-ciudadano\/wp-json\/wp\/v2\/media\/10600"}],"wp:attachment":[{"href":"https:\/\/www.artenara.es\/portal-ciudadano\/wp-json\/wp\/v2\/media?parent=10599"}],"wp:term":[{"taxonomy":"category","embeddable":true,"href":"https:\/\/www.artenara.es\/portal-ciudadano\/wp-json\/wp\/v2\/categories?post=10599"},{"taxonomy":"post_tag","embeddable":true,"href":"https:\/\/www.artenara.es\/portal-ciudadano\/wp-json\/wp\/v2\/tags?post=10599"}],"curies":[{"name":"wp","href":"https:\/\/api.w.org\/{rel}","templated":true}]}}