{"id":10658,"date":"2021-11-08T13:52:32","date_gmt":"2021-11-08T13:52:32","guid":{"rendered":"https:\/\/artenara.es\/portal-ciudadano\/?p=10658"},"modified":"2021-11-08T13:53:32","modified_gmt":"2021-11-08T13:53:32","slug":"programa-vivir-en-canarias-2aferia-de-las-tradiciones","status":"publish","type":"post","link":"https:\/\/www.artenara.es\/portal-ciudadano\/desarrollo-local\/programa-vivir-en-canarias-2aferia-de-las-tradiciones\/","title":{"rendered":"Programa Vivir en Canarias- 2\u00aaFeria de las Tradiciones"},"content":{"rendered":"\n<p>Si te perdiste el programa del pasado domingo en <img loading=\"lazy\" height=\"16\" width=\"16\" alt=\"\ud83d\udcfa\" src=\"https:\/\/www.facebook.com\/images\/emoji.php\/v9\/te0\/1.5\/16\/1f4fa.png\"><a href=\"https:\/\/www.facebook.com\/RadioTelevisi%C3%B3n-Canaria-RTVCes-188600904655\/?__cft__[0]=AZXjEgxWeWi6_OFbcOQ38mlXPcEZUqqnlwtRddOXGWBlNzXkBl5HJsysCyok3zTn_r_7vufUj9kXojJDeGrSczyAqbK1GZMP6hpXIJDCnzA2Ec_Wy8rB3gskdLC_OHxIfc4s1_Z6o_Ku3U_yHLm8rc_5zqYv-32jJKCBlL8Nj5C2TJnVD2x3wZ8nNWOchSdRzdA&amp;__tn__=kK-R\">RadioTelevisi\u00f3n Canaria - RTVC.es<\/a> o lo quieres volver a ver, lo tendr\u00e1 disponible en el programa Vivir en Canarias los siguientes d\u00edas:<img loading=\"lazy\" height=\"16\" width=\"16\" alt=\"\ud83d\udc40\" src=\"https:\/\/www.facebook.com\/images\/emoji.php\/v9\/t21\/1.5\/16\/1f440.png\">Mi\u00e9rcoles 10 a partir de las 06:00h. de la ma\u00f1ana y a las 23:40h.Viernes 12 a partir de las 06:00h. de la ma\u00f1anaS\u00e1bado 13 a partir de la 01:00h. de la madrugada.<\/p>\n\n\n\n<p>Tambi\u00e9n te dejamos el siguiente enlace para que lo puedas disfrutar<\/p>\n\n\n\n<p><a href=\"https:\/\/youtu.be\/VY1BXcwU2uA?fbclid=IwAR3_SuJWau2-wu5ugO_C_gxQc1V_23rc6y4F0Eqk-y2E8BAlczjbtneahHo\">https:\/\/youtu.be\/VY1BXcwU2uA<\/a><a href=\"https:\/\/www.facebook.com\/hashtag\/maestr%C3%ADas?__eep__=6&amp;__cft__[0]=AZXjEgxWeWi6_OFbcOQ38mlXPcEZUqqnlwtRddOXGWBlNzXkBl5HJsysCyok3zTn_r_7vufUj9kXojJDeGrSczyAqbK1GZMP6hpXIJDCnzA2Ec_Wy8rB3gskdLC_OHxIfc4s1_Z6o_Ku3U_yHLm8rc_5zqYv-32jJKCBlL8Nj5C2TJnVD2x3wZ8nNWOchSdRzdA&amp;__tn__=*NK-R\">#Maestr\u00edas<\/a><\/p>\n\n\n\n<p> <a href=\"https:\/\/www.facebook.com\/hashtag\/oficios?__eep__=6&amp;__cft__[0]=AZXjEgxWeWi6_OFbcOQ38mlXPcEZUqqnlwtRddOXGWBlNzXkBl5HJsysCyok3zTn_r_7vufUj9kXojJDeGrSczyAqbK1GZMP6hpXIJDCnzA2Ec_Wy8rB3gskdLC_OHxIfc4s1_Z6o_Ku3U_yHLm8rc_5zqYv-32jJKCBlL8Nj5C2TJnVD2x3wZ8nNWOchSdRzdA&amp;__tn__=*NK-R\">#Oficios<\/a><a href=\"https:\/\/www.facebook.com\/hashtag\/ancestrales?__eep__=6&amp;__cft__[0]=AZXjEgxWeWi6_OFbcOQ38mlXPcEZUqqnlwtRddOXGWBlNzXkBl5HJsysCyok3zTn_r_7vufUj9kXojJDeGrSczyAqbK1GZMP6hpXIJDCnzA2Ec_Wy8rB3gskdLC_OHxIfc4s1_Z6o_Ku3U_yHLm8rc_5zqYv-32jJKCBlL8Nj5C2TJnVD2x3wZ8nNWOchSdRzdA&amp;__tn__=*NK-R\">#Ancestrales<\/a> de nuestra tierra, <a href=\"https:\/\/www.facebook.com\/hashtag\/artesan%C3%ADa?__eep__=6&amp;__cft__[0]=AZXjEgxWeWi6_OFbcOQ38mlXPcEZUqqnlwtRddOXGWBlNzXkBl5HJsysCyok3zTn_r_7vufUj9kXojJDeGrSczyAqbK1GZMP6hpXIJDCnzA2Ec_Wy8rB3gskdLC_OHxIfc4s1_Z6o_Ku3U_yHLm8rc_5zqYv-32jJKCBlL8Nj5C2TJnVD2x3wZ8nNWOchSdRzdA&amp;__tn__=*NK-R\">#Artesan\u00eda<\/a>, <a href=\"https:\/\/www.facebook.com\/hashtag\/m%C3%BAsica?__eep__=6&amp;__cft__[0]=AZXjEgxWeWi6_OFbcOQ38mlXPcEZUqqnlwtRddOXGWBlNzXkBl5HJsysCyok3zTn_r_7vufUj9kXojJDeGrSczyAqbK1GZMP6hpXIJDCnzA2Ec_Wy8rB3gskdLC_OHxIfc4s1_Z6o_Ku3U_yHLm8rc_5zqYv-32jJKCBlL8Nj5C2TJnVD2x3wZ8nNWOchSdRzdA&amp;__tn__=*NK-R\">#M\u00fasica<\/a>, <a href=\"https:\/\/www.facebook.com\/hashtag\/gastronom%C3%ADa?__eep__=6&amp;__cft__[0]=AZXjEgxWeWi6_OFbcOQ38mlXPcEZUqqnlwtRddOXGWBlNzXkBl5HJsysCyok3zTn_r_7vufUj9kXojJDeGrSczyAqbK1GZMP6hpXIJDCnzA2Ec_Wy8rB3gskdLC_OHxIfc4s1_Z6o_Ku3U_yHLm8rc_5zqYv-32jJKCBlL8Nj5C2TJnVD2x3wZ8nNWOchSdRzdA&amp;__tn__=*NK-R\">#Gastronom\u00eda<\/a> y mucho m\u00e1s llegar\u00e1n desde nuestro municipio a todas partes \u00a1\u00a1No te lo pierdas!!<\/p>\n","protected":false},"excerpt":{"rendered":"<p>Si te perdiste el programa del pasado domingo en RadioTelevisi\u00f3n Canaria &#8211; RTVC.es o lo quieres volver a ver, lo tendr\u00e1 disponible en el programa Vivir en Canarias los siguientes d\u00edas:Mi\u00e9rcoles 10 a partir de las 06:00h. de la ma\u00f1ana y a las 23:40h.Viernes 12 a partir de las 06:00h. de la ma\u00f1anaS\u00e1bado 13 a &hellip;<\/p>\n","protected":false},"author":4,"featured_media":10659,"comment_status":"open","ping_status":"open","sticky":false,"template":"","format":"standard","meta":[],"categories":[59],"tags":[],"_links":{"self":[{"href":"https:\/\/www.artenara.es\/portal-ciudadano\/wp-json\/wp\/v2\/posts\/10658"}],"collection":[{"href":"https:\/\/www.artenara.es\/portal-ciudadano\/wp-json\/wp\/v2\/posts"}],"about":[{"href":"https:\/\/www.artenara.es\/portal-ciudadano\/wp-json\/wp\/v2\/types\/post"}],"author":[{"embeddable":true,"href":"https:\/\/www.artenara.es\/portal-ciudadano\/wp-json\/wp\/v2\/users\/4"}],"replies":[{"embeddable":true,"href":"https:\/\/www.artenara.es\/portal-ciudadano\/wp-json\/wp\/v2\/comments?post=10658"}],"version-history":[{"count":2,"href":"https:\/\/www.artenara.es\/portal-ciudadano\/wp-json\/wp\/v2\/posts\/10658\/revisions"}],"predecessor-version":[{"id":10661,"href":"https:\/\/www.artenara.es\/portal-ciudadano\/wp-json\/wp\/v2\/posts\/10658\/revisions\/10661"}],"wp:featuredmedia":[{"embeddable":true,"href":"https:\/\/www.artenara.es\/portal-ciudadano\/wp-json\/wp\/v2\/media\/10659"}],"wp:attachment":[{"href":"https:\/\/www.artenara.es\/portal-ciudadano\/wp-json\/wp\/v2\/media?parent=10658"}],"wp:term":[{"taxonomy":"category","embeddable":true,"href":"https:\/\/www.artenara.es\/portal-ciudadano\/wp-json\/wp\/v2\/categories?post=10658"},{"taxonomy":"post_tag","embeddable":true,"href":"https:\/\/www.artenara.es\/portal-ciudadano\/wp-json\/wp\/v2\/tags?post=10658"}],"curies":[{"name":"wp","href":"https:\/\/api.w.org\/{rel}","templated":true}]}}