{"id":10671,"date":"2021-11-10T14:50:32","date_gmt":"2021-11-10T14:50:32","guid":{"rendered":"https:\/\/artenara.es\/portal-ciudadano\/?p=10671"},"modified":"2021-11-10T14:50:32","modified_gmt":"2021-11-10T14:50:32","slug":"%f0%9d%90%82%f0%9d%90%a8%f0%9d%90%a7%f0%9d%90%a8%f0%9d%90%9c%f0%9d%90%9e%f0%9d%90%ac-%f0%9d%90%ad%f0%9d%90%ae%f0%9d%90%ac-%f0%9d%90%8f%f0%9d%90%9a%f0%9d%90%ab%f0%9d%90%a5%f0%9d%90%9a%f0%9d%90%a6","status":"publish","type":"post","link":"https:\/\/www.artenara.es\/portal-ciudadano\/cultura\/%f0%9d%90%82%f0%9d%90%a8%f0%9d%90%a7%f0%9d%90%a8%f0%9d%90%9c%f0%9d%90%9e%f0%9d%90%ac-%f0%9d%90%ad%f0%9d%90%ae%f0%9d%90%ac-%f0%9d%90%8f%f0%9d%90%9a%f0%9d%90%ab%f0%9d%90%a5%f0%9d%90%9a%f0%9d%90%a6\/","title":{"rendered":"\u00bf\ud835\udc02\ud835\udc28\ud835\udc27\ud835\udc28\ud835\udc1c\ud835\udc1e\ud835\udc2c \ud835\udc2d\ud835\udc2e\ud835\udc2c \ud835\udc0f\ud835\udc1a\ud835\udc2b\ud835\udc25\ud835\udc1a\ud835\udc26\ud835\udc1e\ud835\udc27\ud835\udc2d\ud835\udc28\ud835\udc2c?"},"content":{"rendered":"\n<p><br>\ud83d\udeebViaja a Madrid con todos los gastos pagados<br>Te presentamos el Programa \u00bfCONOCES TUS PARLAMENTOS?, dirigido a j\u00f3venes de 18 a 30 a\u00f1os, en la que se pretende acercar el conocimientos de nuestras Instituciones, Nacionales a los j\u00f3venes de Gran Canaria.<\/p>\n\n\n\n<p> \u2728 El Programa consiste:<\/p>\n\n\n\n<p>\ud83e\uddf3 Dos viajes a Madrid en el mes diciembre de 2021.<\/p>\n\n\n\n<p>\ud83d\udfe3 Actividades\/visitas a realizar:\u27a1 Visitas programadas y guiadas al Congreso de los Diputados.\u27a1 Visita programadas y guiadas al Senado.\u27a1 Programa cultural complementario, ruta con gu\u00eda Local \u201cMadrid de los Austrias\u201d, entradas al musical de actualidad y visita guiada a alguna poblaci\u00f3n de las inmediaciones de Madrid.<\/p>\n\n\n\n<p><br>M\u00e1s informaci\u00f3n: https:\/\/bit.ly\/3D2DgH1Organizado por la Consejer\u00eda de Educaci\u00f3n y Juventud del Cabildo de Gran Canaria.<\/p>\n\n\n\n<p><br>ENLACE DEL CUESTIONARIO: http:\/\/bit.ly\/conocetusparlamentos \u2757\ufe0f(Se activar\u00e1 a partir del momento que comience el plazo presentaci\u00f3n arriba indicado).<\/p>\n\n\n\n<figure class=\"wp-block-gallery columns-2 is-cropped\"><ul class=\"blocks-gallery-grid\"><li class=\"blocks-gallery-item\"><figure><img loading=\"lazy\" width=\"724\" height=\"1024\" src=\"https:\/\/artenara.es\/portal-ciudadano\/wp-content\/uploads\/2021\/11\/1-1-724x1024.jpg\" alt=\"\" data-id=\"10673\" data-full-url=\"https:\/\/artenara.es\/portal-ciudadano\/wp-content\/uploads\/2021\/11\/1-1.jpg\" data-link=\"https:\/\/artenara.es\/portal-ciudadano\/?attachment_id=10673\" class=\"wp-image-10673\" srcset=\"https:\/\/www.artenara.es\/portal-ciudadano\/wp-content\/uploads\/2021\/11\/1-1-724x1024.jpg 724w, https:\/\/www.artenara.es\/portal-ciudadano\/wp-content\/uploads\/2021\/11\/1-1-212x300.jpg 212w, https:\/\/www.artenara.es\/portal-ciudadano\/wp-content\/uploads\/2021\/11\/1-1-768x1086.jpg 768w, https:\/\/www.artenara.es\/portal-ciudadano\/wp-content\/uploads\/2021\/11\/1-1-1086x1536.jpg 1086w, https:\/\/www.artenara.es\/portal-ciudadano\/wp-content\/uploads\/2021\/11\/1-1-418x591.jpg 418w, https:\/\/www.artenara.es\/portal-ciudadano\/wp-content\/uploads\/2021\/11\/1-1.jpg 1414w\" sizes=\"(max-width: 724px) 100vw, 724px\" \/><\/figure><\/li><li class=\"blocks-gallery-item\"><figure><img loading=\"lazy\" width=\"724\" height=\"1024\" src=\"https:\/\/artenara.es\/portal-ciudadano\/wp-content\/uploads\/2021\/11\/2-724x1024.jpg\" alt=\"\" data-id=\"10674\" data-full-url=\"https:\/\/artenara.es\/portal-ciudadano\/wp-content\/uploads\/2021\/11\/2.jpg\" data-link=\"https:\/\/artenara.es\/portal-ciudadano\/?attachment_id=10674\" class=\"wp-image-10674\" srcset=\"https:\/\/www.artenara.es\/portal-ciudadano\/wp-content\/uploads\/2021\/11\/2-724x1024.jpg 724w, https:\/\/www.artenara.es\/portal-ciudadano\/wp-content\/uploads\/2021\/11\/2-212x300.jpg 212w, https:\/\/www.artenara.es\/portal-ciudadano\/wp-content\/uploads\/2021\/11\/2-768x1086.jpg 768w, https:\/\/www.artenara.es\/portal-ciudadano\/wp-content\/uploads\/2021\/11\/2-1086x1536.jpg 1086w, https:\/\/www.artenara.es\/portal-ciudadano\/wp-content\/uploads\/2021\/11\/2-418x591.jpg 418w, https:\/\/www.artenara.es\/portal-ciudadano\/wp-content\/uploads\/2021\/11\/2.jpg 1414w\" sizes=\"(max-width: 724px) 100vw, 724px\" \/><\/figure><\/li><\/ul><\/figure>\n\n\n\n<p><br><\/p>\n","protected":false},"excerpt":{"rendered":"<p>\ud83d\udeebViaja a Madrid con todos los gastos pagadosTe presentamos el Programa \u00bfCONOCES TUS PARLAMENTOS?, dirigido a j\u00f3venes de 18 a 30 a\u00f1os, en la que se pretende acercar el conocimientos de nuestras Instituciones, Nacionales a los j\u00f3venes de Gran Canaria. \u2728 El Programa consiste: \ud83e\uddf3 Dos viajes a Madrid en el mes diciembre de 2021. &hellip;<\/p>\n","protected":false},"author":4,"featured_media":10672,"comment_status":"closed","ping_status":"open","sticky":false,"template":"","format":"standard","meta":[],"categories":[6],"tags":[],"_links":{"self":[{"href":"https:\/\/www.artenara.es\/portal-ciudadano\/wp-json\/wp\/v2\/posts\/10671"}],"collection":[{"href":"https:\/\/www.artenara.es\/portal-ciudadano\/wp-json\/wp\/v2\/posts"}],"about":[{"href":"https:\/\/www.artenara.es\/portal-ciudadano\/wp-json\/wp\/v2\/types\/post"}],"author":[{"embeddable":true,"href":"https:\/\/www.artenara.es\/portal-ciudadano\/wp-json\/wp\/v2\/users\/4"}],"replies":[{"embeddable":true,"href":"https:\/\/www.artenara.es\/portal-ciudadano\/wp-json\/wp\/v2\/comments?post=10671"}],"version-history":[{"count":1,"href":"https:\/\/www.artenara.es\/portal-ciudadano\/wp-json\/wp\/v2\/posts\/10671\/revisions"}],"predecessor-version":[{"id":10675,"href":"https:\/\/www.artenara.es\/portal-ciudadano\/wp-json\/wp\/v2\/posts\/10671\/revisions\/10675"}],"wp:featuredmedia":[{"embeddable":true,"href":"https:\/\/www.artenara.es\/portal-ciudadano\/wp-json\/wp\/v2\/media\/10672"}],"wp:attachment":[{"href":"https:\/\/www.artenara.es\/portal-ciudadano\/wp-json\/wp\/v2\/media?parent=10671"}],"wp:term":[{"taxonomy":"category","embeddable":true,"href":"https:\/\/www.artenara.es\/portal-ciudadano\/wp-json\/wp\/v2\/categories?post=10671"},{"taxonomy":"post_tag","embeddable":true,"href":"https:\/\/www.artenara.es\/portal-ciudadano\/wp-json\/wp\/v2\/tags?post=10671"}],"curies":[{"name":"wp","href":"https:\/\/api.w.org\/{rel}","templated":true}]}}