{"id":10748,"date":"2021-12-09T09:12:19","date_gmt":"2021-12-09T09:12:19","guid":{"rendered":"https:\/\/artenara.es\/portal-ciudadano\/?p=10748"},"modified":"2021-12-09T09:12:20","modified_gmt":"2021-12-09T09:12:20","slug":"%f0%9d%97%96%f0%9d%97%9f%f0%9d%97%94%f0%9d%97%a8%f0%9d%97%a6%f0%9d%97%a8%f0%9d%97%a5%f0%9d%97%94-%f0%9d%97%a3%f0%9d%97%9c%f0%9d%97%98%f0%9d%97%9f-%f0%9d%97%97%f0%9d%97%98-%f0%9d%97%96%f0%9d%97%a8","status":"publish","type":"post","link":"https:\/\/www.artenara.es\/portal-ciudadano\/social\/%f0%9d%97%96%f0%9d%97%9f%f0%9d%97%94%f0%9d%97%a8%f0%9d%97%a6%f0%9d%97%a8%f0%9d%97%a5%f0%9d%97%94-%f0%9d%97%a3%f0%9d%97%9c%f0%9d%97%98%f0%9d%97%9f-%f0%9d%97%97%f0%9d%97%98-%f0%9d%97%96%f0%9d%97%a8\/","title":{"rendered":"\ud835\uddd6\ud835\udddf\ud835\uddd4\ud835\udde8\ud835\udde6\ud835\udde8\ud835\udde5\ud835\uddd4 \ud835\udde3\ud835\udddc\ud835\uddd8\ud835\udddf \ud835\uddd7\ud835\uddd8 \ud835\uddd6\ud835\udde8\ud835\udde0\ud835\uddd5\ud835\udde5\ud835\uddd8 \ud835\uddd4\ud835\udde5\ud835\udde7\ud835\uddd8\ud835\udde1\ud835\uddd4\ud835\udde5\ud835\uddd4-\ud835\udde7\ud835\uddd8\ud835\udddd\ud835\uddd8\ud835\uddd7\ud835\uddd4"},"content":{"rendered":"\n<p>.<img loading=\"lazy\" height=\"16\" width=\"16\" alt=\"\ud83c\udfbc\" src=\"https:\/\/www.facebook.com\/images\/emoji.php\/v9\/t25\/1.5\/16\/1f3bc.png\">Ma\u00f1ana a las 17:00 horas en el Centro Cultural de Artenara tenemos la clausura del curso \"\ud835\ude17\ud835\ude2a\ud835\ude26\ud835\ude2d \ud835\ude25\ud835\ude26 \ud835\ude0a\ud835\ude36\ud835\ude2e\ud835\ude23\ud835\ude33\ud835\ude26 \ud835\ude08\ud835\ude33\ud835\ude35\ud835\ude26\ud835\ude2f\ud835\ude22\ud835\ude33\ud835\ude22-\ud835\ude1b\ud835\ude26\ud835\ude2b\ud835\ude26\ud835\ude25\ud835\ude22\" tras un mes de talleres en los dos municipios. Nuestro querido Yeray Rodr\u00edguez nos invita a esta cita donde el punto cubano, las d\u00e9cimas y las sorpresas estar\u00e1n presentes<img loading=\"lazy\" height=\"16\" width=\"16\" alt=\"\u260e\" src=\"https:\/\/www.facebook.com\/images\/emoji.php\/v9\/ta9\/1.5\/16\/260e.png\"> Inf\u00f3rmate e inscr\u00edbete en el 928666117 ext. 7<img loading=\"lazy\" height=\"16\" width=\"16\" alt=\"\u2757\ufe0f\" src=\"https:\/\/www.facebook.com\/images\/emoji.php\/v9\/td7\/1.5\/16\/2757.png\">Te esperamos<img loading=\"lazy\" height=\"16\" width=\"16\" alt=\"\u2757\ufe0f\" src=\"https:\/\/www.facebook.com\/images\/emoji.php\/v9\/td7\/1.5\/16\/2757.png\"> Aforo limitado.<\/p>\n\n\n\n<figure class=\"wp-block-video\"><video controls src=\"https:\/\/artenara.es\/portal-ciudadano\/wp-content\/uploads\/2021\/12\/WhatsApp-Video-2021-12-09-at-08.16.30.mp4\"><\/video><\/figure>\n","protected":false},"excerpt":{"rendered":"<p>.Ma\u00f1ana a las 17:00 horas en el Centro Cultural de Artenara tenemos la clausura del curso &#8220;\ud835\ude17\ud835\ude2a\ud835\ude26\ud835\ude2d \ud835\ude25\ud835\ude26 \ud835\ude0a\ud835\ude36\ud835\ude2e\ud835\ude23\ud835\ude33\ud835\ude26 \ud835\ude08\ud835\ude33\ud835\ude35\ud835\ude26\ud835\ude2f\ud835\ude22\ud835\ude33\ud835\ude22-\ud835\ude1b\ud835\ude26\ud835\ude2b\ud835\ude26\ud835\ude25\ud835\ude22&#8221; tras un mes de talleres en los dos municipios. Nuestro querido Yeray Rodr\u00edguez nos invita a esta cita donde el punto cubano, las d\u00e9cimas y las sorpresas estar\u00e1n presentes Inf\u00f3rmate e inscr\u00edbete en el 928666117 &hellip;<\/p>\n","protected":false},"author":4,"featured_media":10750,"comment_status":"open","ping_status":"open","sticky":false,"template":"","format":"standard","meta":[],"categories":[3],"tags":[],"_links":{"self":[{"href":"https:\/\/www.artenara.es\/portal-ciudadano\/wp-json\/wp\/v2\/posts\/10748"}],"collection":[{"href":"https:\/\/www.artenara.es\/portal-ciudadano\/wp-json\/wp\/v2\/posts"}],"about":[{"href":"https:\/\/www.artenara.es\/portal-ciudadano\/wp-json\/wp\/v2\/types\/post"}],"author":[{"embeddable":true,"href":"https:\/\/www.artenara.es\/portal-ciudadano\/wp-json\/wp\/v2\/users\/4"}],"replies":[{"embeddable":true,"href":"https:\/\/www.artenara.es\/portal-ciudadano\/wp-json\/wp\/v2\/comments?post=10748"}],"version-history":[{"count":1,"href":"https:\/\/www.artenara.es\/portal-ciudadano\/wp-json\/wp\/v2\/posts\/10748\/revisions"}],"predecessor-version":[{"id":10751,"href":"https:\/\/www.artenara.es\/portal-ciudadano\/wp-json\/wp\/v2\/posts\/10748\/revisions\/10751"}],"wp:featuredmedia":[{"embeddable":true,"href":"https:\/\/www.artenara.es\/portal-ciudadano\/wp-json\/wp\/v2\/media\/10750"}],"wp:attachment":[{"href":"https:\/\/www.artenara.es\/portal-ciudadano\/wp-json\/wp\/v2\/media?parent=10748"}],"wp:term":[{"taxonomy":"category","embeddable":true,"href":"https:\/\/www.artenara.es\/portal-ciudadano\/wp-json\/wp\/v2\/categories?post=10748"},{"taxonomy":"post_tag","embeddable":true,"href":"https:\/\/www.artenara.es\/portal-ciudadano\/wp-json\/wp\/v2\/tags?post=10748"}],"curies":[{"name":"wp","href":"https:\/\/api.w.org\/{rel}","templated":true}]}}