{"id":10865,"date":"2022-01-30T10:00:04","date_gmt":"2022-01-30T10:00:04","guid":{"rendered":"https:\/\/artenara.es\/portal-ciudadano\/?p=10865"},"modified":"2022-01-31T08:19:54","modified_gmt":"2022-01-31T08:19:54","slug":"dia-de-la-paz-y-la-no-violencia","status":"publish","type":"post","link":"https:\/\/www.artenara.es\/portal-ciudadano\/social\/dia-de-la-paz-y-la-no-violencia\/","title":{"rendered":"DIA DE LA PAZ Y LA NO VIOLENCIA"},"content":{"rendered":"\n<p><strong>\u201c30 DE ENERO, D\u00cdA ESCOLAR POR LA PAZ Y LA NO VIOLENCIA\u201d <\/strong><\/p>\n\n\n\n<p>La educaci\u00f3n en y para la tolerancia, la solidaridad, la concordia, el respeto a los Derechos Humanos, la no-violencia y la paz son motivos para recordar el 30 de enero.<\/p>\n\n\n\n<p>En ese d\u00eda se celebra el aniversario de la muerte del Mahatma Gandhi (India, 1869-1948), l\u00edder pacifista que defendi\u00f3 y promovi\u00f3 la no violencia y la resistencia pac\u00edfica frente a la injusticia y que fue asesinado por defender estas ideas.<\/p>\n\n\n\n<p>Vivimos tiempos en que la violencia ha tomado matices y nuevas formas de expresi\u00f3n como la discriminaci\u00f3n, la xenofobia, homofobia, el maltrato, el abandono, la imposici\u00f3n de ideas, el bullying, etc. Las primeras v\u00edctimas de ello son las ni\u00f1as, ni\u00f1os y adolescentes; teniendo consecuencias graves en su desarrollo personal y colectivo, que sin duda podr\u00edan evitarse.<\/p>\n\n\n\n<p>Construir una cultura de paz implica reconocer y hacer de la escuela un espacio atractivo, acogedor, seguro, que posibilite el desarrollo de proyectos de vida de vida a los ni\u00f1os, ni\u00f1as y adolescentes. En este sentido, reivindicamos el derecho de los ni\u00f1os y ni\u00f1as a crecer en un entorno de paz donde cualquier tipo de violencia no tenga cabida.<\/p>\n\n\n\n<p>Por ello y con motivo del D\u00eda Escolar de la No Violencia y de la Paz, considerando el Objetivo Sostenible 16 sobre la Paz, la Justicia y las Instituciones S\u00f3lidas hay que luchar entre otros por las siguientes metas:<\/p>\n\n\n\n<p>\u00b7 Reducir significativamente todas las formas de violencia y las correspondientes tasas de mortalidad en todo el mundo.<\/p>\n\n\n\n<p>\u00b7 Poner fin al maltrato, la explotaci\u00f3n, la trata y todas las formas de violencia y tortura contra los ni\u00f1os.<\/p>\n\n\n\n<p>\u00b7 Fortalecer las instituciones nacionales pertinentes, incluso mediante la cooperaci\u00f3n internacional, para crear a todos los niveles, particularmente en los pa\u00edses en desarrollo, la capacidad de prevenir la violencia y combatir el terrorismo y la delincuencia.<\/p>\n\n\n\n<p>\u00b7 Promover y aplicar leyes y pol\u00edticas no discriminatorias en favor del desarrollo sostenible.<\/p>\n\n\n\n<p>Debemos luchar por este COMPROMISO basado en el respeto a la vida, al di\u00e1logo, el respeto pleno a la dignidad de las personas, a la defensa de nuestros derechos y libertades, a la igualdad de oportunidades... Es importante asumir este compromiso y erigir el baluarte de la paz rechazando TODO TIPO de violencia y conductas intolerantes.<\/p>\n\n\n\n<p><strong>Desde el Ayuntamiento de Artenara manifestamos nuestro m\u00e1s en\u00e9rgico rechazo a cualquier manifestaci\u00f3n de violencia que nos aleje de un mundo en paz, mostrando una solidaridad activa y comprometida en la defensa de la paz y el entendimiento de los pueblos y en este a\u00f1o de manera especial por todas las consecuencias sufridas y que estamos sufriendo, con la actual pandemia debido al COVID-19.<\/strong><\/p>\n","protected":false},"excerpt":{"rendered":"<p>\u201c30 DE ENERO, D\u00cdA ESCOLAR POR LA PAZ Y LA NO VIOLENCIA\u201d La educaci\u00f3n en y para la tolerancia, la solidaridad, la concordia, el respeto a los Derechos Humanos, la no-violencia y la paz son motivos para recordar el 30 de enero. En ese d\u00eda se celebra el aniversario de la muerte del Mahatma Gandhi &hellip;<\/p>\n","protected":false},"author":4,"featured_media":10851,"comment_status":"closed","ping_status":"open","sticky":false,"template":"","format":"standard","meta":[],"categories":[3],"tags":[],"_links":{"self":[{"href":"https:\/\/www.artenara.es\/portal-ciudadano\/wp-json\/wp\/v2\/posts\/10865"}],"collection":[{"href":"https:\/\/www.artenara.es\/portal-ciudadano\/wp-json\/wp\/v2\/posts"}],"about":[{"href":"https:\/\/www.artenara.es\/portal-ciudadano\/wp-json\/wp\/v2\/types\/post"}],"author":[{"embeddable":true,"href":"https:\/\/www.artenara.es\/portal-ciudadano\/wp-json\/wp\/v2\/users\/4"}],"replies":[{"embeddable":true,"href":"https:\/\/www.artenara.es\/portal-ciudadano\/wp-json\/wp\/v2\/comments?post=10865"}],"version-history":[{"count":1,"href":"https:\/\/www.artenara.es\/portal-ciudadano\/wp-json\/wp\/v2\/posts\/10865\/revisions"}],"predecessor-version":[{"id":10866,"href":"https:\/\/www.artenara.es\/portal-ciudadano\/wp-json\/wp\/v2\/posts\/10865\/revisions\/10866"}],"wp:featuredmedia":[{"embeddable":true,"href":"https:\/\/www.artenara.es\/portal-ciudadano\/wp-json\/wp\/v2\/media\/10851"}],"wp:attachment":[{"href":"https:\/\/www.artenara.es\/portal-ciudadano\/wp-json\/wp\/v2\/media?parent=10865"}],"wp:term":[{"taxonomy":"category","embeddable":true,"href":"https:\/\/www.artenara.es\/portal-ciudadano\/wp-json\/wp\/v2\/categories?post=10865"},{"taxonomy":"post_tag","embeddable":true,"href":"https:\/\/www.artenara.es\/portal-ciudadano\/wp-json\/wp\/v2\/tags?post=10865"}],"curies":[{"name":"wp","href":"https:\/\/api.w.org\/{rel}","templated":true}]}}