{"id":10936,"date":"2022-02-18T12:44:49","date_gmt":"2022-02-18T12:44:49","guid":{"rendered":"https:\/\/artenara.es\/portal-ciudadano\/?p=10936"},"modified":"2022-02-18T12:59:38","modified_gmt":"2022-02-18T12:59:38","slug":"viii-edicion-de-las-jornadas-norte-emprende","status":"publish","type":"post","link":"https:\/\/www.artenara.es\/portal-ciudadano\/noticias\/viii-edicion-de-las-jornadas-norte-emprende\/","title":{"rendered":"VIII EDICI\u00d3N DE LAS JORNADAS NORTE EMPRENDE"},"content":{"rendered":"\n<p>La <em>Mancomunidad de Ayuntamientos del Norte de Gran Canaria<\/em>, en colaboraci\u00f3n con la Sociedad de Promoci\u00f3n de Gran Canaria, organiza la <strong>VIII Edici\u00f3n de las Jornadas Norte Emprende<\/strong> que se celebrar\u00e1n en el Teatro Consistorial en el municipio de G\u00e1ldar, con motivo de la XX Feria Empresarial del Norte de Gran Canaria - ENORTE 2022, que celebrar\u00e1 del 1 al 3 de abril en el municipio de G\u00e1ldar.<\/p>\n\n\n\n<p>El 30 de marzo tendr\u00e1n lugar las Jornadas propiamente dichas con la<br>presentaci\u00f3n de varias ideas innovadoras que sean una realidad en nuestra Comarca, adem\u00e1s de seguir con la elecci\u00f3n de la \"Mejor Idea de Negocio\" del a\u00f1o entre los proyectos presentados al programa organizado por la SPEGC.<\/p>\n\n\n\n<p>Se adjunta enlace de la convocatoria:<br><a href=\"https:\/\/www.spegc.org\/formacion-y-eventos\/programa-de-emprendimiento-de-ideasinnovadoras-en-el-entorno-rural-norte-emprende-2022\/\">https:\/\/www.spegc.org\/formacion-y-eventos\/programa-de-emprendimiento-de-ideasinnovadoras-en-el-entorno-rural-norte-emprende-2022\/<\/a><\/p>\n\n\n\n<p>Por otro lado, en la XX edici\u00f3n de la Feria Empresarial del Norte de Gran Canaria - ENORTE 2022, se va a contar con una zona de restauraci\u00f3n espec\u00edfica denominada \"<strong>Gastro-Norte<\/strong>\", en la que se instalar\u00e1n varios FoodTruck y casetas de madera, con el objetivo de utilizar este espacio para la promoci\u00f3n de los \"Productos kil\u00f3metro 0\" y de la restauraci\u00f3n local.<\/p>\n\n\n\n<p>Los empresarios locales del sector de la gastronom\u00eda que est\u00e9n interesados en participar en \"<strong>Gastro-Norte<\/strong>\", podr\u00e1n inscribirse a trav\u00e9s del correo electr\u00f3nico <a href=\"http:\/\/www.mancomunidaddelnorte.org\" data-type=\"URL\" data-id=\"www.mancomunidaddelnorte.org\">www.mancomunidaddelnorte.org<\/a>, antes del 28 de febrero.<\/p>\n","protected":false},"excerpt":{"rendered":"<p>La Mancomunidad de Ayuntamientos del Norte de Gran Canaria, en colaboraci\u00f3n con la Sociedad de Promoci\u00f3n de Gran Canaria, organiza la VIII Edici\u00f3n de las Jornadas Norte Emprende que se celebrar\u00e1n en el Teatro Consistorial en el municipio de G\u00e1ldar, con motivo de la XX Feria Empresarial del Norte de Gran Canaria &#8211; ENORTE 2022, &hellip;<\/p>\n","protected":false},"author":4,"featured_media":10938,"comment_status":"closed","ping_status":"open","sticky":false,"template":"","format":"standard","meta":[],"categories":[1,3],"tags":[],"_links":{"self":[{"href":"https:\/\/www.artenara.es\/portal-ciudadano\/wp-json\/wp\/v2\/posts\/10936"}],"collection":[{"href":"https:\/\/www.artenara.es\/portal-ciudadano\/wp-json\/wp\/v2\/posts"}],"about":[{"href":"https:\/\/www.artenara.es\/portal-ciudadano\/wp-json\/wp\/v2\/types\/post"}],"author":[{"embeddable":true,"href":"https:\/\/www.artenara.es\/portal-ciudadano\/wp-json\/wp\/v2\/users\/4"}],"replies":[{"embeddable":true,"href":"https:\/\/www.artenara.es\/portal-ciudadano\/wp-json\/wp\/v2\/comments?post=10936"}],"version-history":[{"count":3,"href":"https:\/\/www.artenara.es\/portal-ciudadano\/wp-json\/wp\/v2\/posts\/10936\/revisions"}],"predecessor-version":[{"id":10941,"href":"https:\/\/www.artenara.es\/portal-ciudadano\/wp-json\/wp\/v2\/posts\/10936\/revisions\/10941"}],"wp:featuredmedia":[{"embeddable":true,"href":"https:\/\/www.artenara.es\/portal-ciudadano\/wp-json\/wp\/v2\/media\/10938"}],"wp:attachment":[{"href":"https:\/\/www.artenara.es\/portal-ciudadano\/wp-json\/wp\/v2\/media?parent=10936"}],"wp:term":[{"taxonomy":"category","embeddable":true,"href":"https:\/\/www.artenara.es\/portal-ciudadano\/wp-json\/wp\/v2\/categories?post=10936"},{"taxonomy":"post_tag","embeddable":true,"href":"https:\/\/www.artenara.es\/portal-ciudadano\/wp-json\/wp\/v2\/tags?post=10936"}],"curies":[{"name":"wp","href":"https:\/\/api.w.org\/{rel}","templated":true}]}}