{"id":11166,"date":"2022-04-01T19:06:15","date_gmt":"2022-04-01T19:06:15","guid":{"rendered":"https:\/\/artenara.es\/portal-ciudadano\/?p=11166"},"modified":"2022-04-01T19:06:15","modified_gmt":"2022-04-01T19:06:15","slug":"inauguracion-enorte-2022","status":"publish","type":"post","link":"https:\/\/www.artenara.es\/portal-ciudadano\/noticias\/inauguracion-enorte-2022\/","title":{"rendered":"INAUGURACI\u00d3N ENORTE 2022"},"content":{"rendered":"\n<p>\ud835\udddb\ud835\uddfc\ud835\ude06 \ud835\ude00\ud835\uddf2 \ud835\uddf5\ud835\uddee \ud835\uddfd\ud835\uddff\ud835\uddfc\ud835\uddf0\ud835\uddf2\ud835\uddf1\ud835\uddf6\ud835\uddf1\ud835\uddfc \ud835\uddee \ud835\uddf9\ud835\uddee \ud835\uddf6\ud835\uddfb\ud835\uddee\ud835\ude02\ud835\uddf4\ud835\ude02\ud835\uddff\ud835\uddee\ud835\uddf0\ud835\uddf6\ud835\uddfc\u0301\ud835\uddfb \ud835\uddf1\ud835\uddf2 \ud835\uddf9\ud835\uddee \ud835\uddeb\ud835\uddeb \ud835\uddf2\ud835\uddf1\ud835\uddf6\ud835\uddf0\ud835\uddf6\ud835\uddfc\u0301\ud835\uddfb \ud835\uddf1\ud835\uddf2 \ud835\uddf9\ud835\uddee \ud835\uddd9\ud835\uddf2\ud835\uddff\ud835\uddf6\ud835\uddee \ud835\uddd8\ud835\uddfa\ud835\uddfd\ud835\uddff\ud835\uddf2\ud835\ude00\ud835\uddee\ud835\uddff\ud835\uddf6\ud835\uddee\ud835\uddf9 \ud835\uddf1\ud835\uddf2\ud835\uddf9 \ud835\udde1\ud835\uddfc\ud835\uddff\ud835\ude01\ud835\uddf2 \ud835\uddf1\ud835\uddf2 \ud835\uddda\ud835\uddff\ud835\uddee\ud835\uddfb \ud835\uddd6\ud835\uddee\ud835\uddfb\ud835\uddee\ud835\uddff\ud835\uddf6\ud835\uddee, \ud835\uddd8\ud835\udde1\ud835\udde2\ud835\udde5\ud835\udde7\ud835\uddd8 \ud835\udfee\ud835\udfec\ud835\udfee\ud835\udfee, \ud835\uddf2\ud835\uddfb \ud835\uddf2\ud835\uddf9 \ud835\uddfa\ud835\ude02\ud835\uddfb\ud835\uddf6\ud835\uddf0\ud835\uddf6\ud835\uddfd\ud835\uddf6\ud835\uddfc \ud835\uddf1\ud835\uddf2 \ud835\uddda\ud835\uddee\u0301\ud835\uddf9\ud835\uddf1\ud835\uddee\ud835\uddff.<\/p>\n\n\n\n<p>Hoy se ha inaugurado la XX Feria Empresarial del Norte de Gran Canaria, por el Presidente de la Mancomunidad del Norte, D. Juan Jes\u00fas Facundo, Alcalde de Arucas.<\/p>\n\n\n\n<p>Tambi\u00e9n intervino en dicha inauguraci\u00f3n, D. Teodoro Sosa, Alcalde del municipio de G\u00e1ldar, como anfitri\u00f3n. As\u00ed mismo, tomaron la palabra, el Vicepresidente del Gobierno de Canarias, D. Rom\u00e1n Rodr\u00edguez, el Presidente del Cabildo de Gran Canaria, D. Antonio Morales, la Consejera de Econom\u00eda e Industria del Gobierno de Canarias, D\u00aa. Elena M\u00e1\u00f1ez, y el Presidente de FENORTE, Antonio Medina. Adem\u00e1s, en el acto estuvieron presentes los once alcaldes de los municipios pertenecientes a la Mancomunidad del Norte.<\/p>\n\n\n\n<p>Posteriormente, se procedi\u00f3 a la visita de los stands correspondientes a los ayuntamientos y empresas de los diferentes municipios. Entre ellos, destacar los stands del Ayuntamiento de Artenara, la Panader\u00eda de Artenara - Abraham Romero y de la Asociaci\u00f3n empresarial para el desarrollo rural, tur\u00edstico, cultural y econ\u00f3mico de Artenara, EDARTE.<\/p>\n\n\n\n<figure class=\"wp-block-gallery columns-3 is-cropped\"><ul class=\"blocks-gallery-grid\"><li class=\"blocks-gallery-item\"><figure><img loading=\"lazy\" width=\"1024\" height=\"978\" src=\"https:\/\/artenara.es\/portal-ciudadano\/wp-content\/uploads\/2022\/04\/392C2C1B-F0ED-47FA-9EEE-9E588F887752-1024x978.jpeg\" alt=\"\" data-id=\"11167\" data-full-url=\"https:\/\/artenara.es\/portal-ciudadano\/wp-content\/uploads\/2022\/04\/392C2C1B-F0ED-47FA-9EEE-9E588F887752.jpeg\" data-link=\"https:\/\/artenara.es\/portal-ciudadano\/?attachment_id=11167\" class=\"wp-image-11167\" srcset=\"https:\/\/www.artenara.es\/portal-ciudadano\/wp-content\/uploads\/2022\/04\/392C2C1B-F0ED-47FA-9EEE-9E588F887752-1024x978.jpeg 1024w, https:\/\/www.artenara.es\/portal-ciudadano\/wp-content\/uploads\/2022\/04\/392C2C1B-F0ED-47FA-9EEE-9E588F887752-300x287.jpeg 300w, https:\/\/www.artenara.es\/portal-ciudadano\/wp-content\/uploads\/2022\/04\/392C2C1B-F0ED-47FA-9EEE-9E588F887752-768x734.jpeg 768w, https:\/\/www.artenara.es\/portal-ciudadano\/wp-content\/uploads\/2022\/04\/392C2C1B-F0ED-47FA-9EEE-9E588F887752-418x399.jpeg 418w, https:\/\/www.artenara.es\/portal-ciudadano\/wp-content\/uploads\/2022\/04\/392C2C1B-F0ED-47FA-9EEE-9E588F887752.jpeg 1471w\" sizes=\"(max-width: 1024px) 100vw, 1024px\" \/><\/figure><\/li><li class=\"blocks-gallery-item\"><figure><img loading=\"lazy\" width=\"1024\" height=\"635\" src=\"https:\/\/artenara.es\/portal-ciudadano\/wp-content\/uploads\/2022\/04\/0AC0C815-9CF2-457D-A864-E53C93A2A8F7-1024x635.jpeg\" alt=\"\" data-id=\"11168\" data-full-url=\"https:\/\/artenara.es\/portal-ciudadano\/wp-content\/uploads\/2022\/04\/0AC0C815-9CF2-457D-A864-E53C93A2A8F7.jpeg\" data-link=\"https:\/\/artenara.es\/portal-ciudadano\/?attachment_id=11168\" class=\"wp-image-11168\" srcset=\"https:\/\/www.artenara.es\/portal-ciudadano\/wp-content\/uploads\/2022\/04\/0AC0C815-9CF2-457D-A864-E53C93A2A8F7-1024x635.jpeg 1024w, https:\/\/www.artenara.es\/portal-ciudadano\/wp-content\/uploads\/2022\/04\/0AC0C815-9CF2-457D-A864-E53C93A2A8F7-300x186.jpeg 300w, https:\/\/www.artenara.es\/portal-ciudadano\/wp-content\/uploads\/2022\/04\/0AC0C815-9CF2-457D-A864-E53C93A2A8F7-768x477.jpeg 768w, https:\/\/www.artenara.es\/portal-ciudadano\/wp-content\/uploads\/2022\/04\/0AC0C815-9CF2-457D-A864-E53C93A2A8F7-1536x953.jpeg 1536w, https:\/\/www.artenara.es\/portal-ciudadano\/wp-content\/uploads\/2022\/04\/0AC0C815-9CF2-457D-A864-E53C93A2A8F7-418x259.jpeg 418w, https:\/\/www.artenara.es\/portal-ciudadano\/wp-content\/uploads\/2022\/04\/0AC0C815-9CF2-457D-A864-E53C93A2A8F7.jpeg 1837w\" sizes=\"(max-width: 1024px) 100vw, 1024px\" \/><\/figure><\/li><li class=\"blocks-gallery-item\"><figure><img loading=\"lazy\" width=\"1024\" height=\"680\" src=\"https:\/\/artenara.es\/portal-ciudadano\/wp-content\/uploads\/2022\/04\/039D4E95-E671-4EEE-A414-1F5653F6DB3F-1024x680.jpeg\" alt=\"\" data-id=\"11169\" data-full-url=\"https:\/\/artenara.es\/portal-ciudadano\/wp-content\/uploads\/2022\/04\/039D4E95-E671-4EEE-A414-1F5653F6DB3F.jpeg\" data-link=\"https:\/\/artenara.es\/portal-ciudadano\/?attachment_id=11169\" class=\"wp-image-11169\" srcset=\"https:\/\/www.artenara.es\/portal-ciudadano\/wp-content\/uploads\/2022\/04\/039D4E95-E671-4EEE-A414-1F5653F6DB3F-1024x680.jpeg 1024w, https:\/\/www.artenara.es\/portal-ciudadano\/wp-content\/uploads\/2022\/04\/039D4E95-E671-4EEE-A414-1F5653F6DB3F-300x199.jpeg 300w, https:\/\/www.artenara.es\/portal-ciudadano\/wp-content\/uploads\/2022\/04\/039D4E95-E671-4EEE-A414-1F5653F6DB3F-768x510.jpeg 768w, https:\/\/www.artenara.es\/portal-ciudadano\/wp-content\/uploads\/2022\/04\/039D4E95-E671-4EEE-A414-1F5653F6DB3F-1536x1020.jpeg 1536w, https:\/\/www.artenara.es\/portal-ciudadano\/wp-content\/uploads\/2022\/04\/039D4E95-E671-4EEE-A414-1F5653F6DB3F-418x278.jpeg 418w, https:\/\/www.artenara.es\/portal-ciudadano\/wp-content\/uploads\/2022\/04\/039D4E95-E671-4EEE-A414-1F5653F6DB3F.jpeg 1909w\" sizes=\"(max-width: 1024px) 100vw, 1024px\" \/><\/figure><\/li><li class=\"blocks-gallery-item\"><figure><img loading=\"lazy\" width=\"1024\" height=\"756\" src=\"https:\/\/artenara.es\/portal-ciudadano\/wp-content\/uploads\/2022\/04\/D5151DE7-BD39-4630-B579-6E9200FEED43.jpeg\" alt=\"\" data-id=\"11170\" data-full-url=\"https:\/\/artenara.es\/portal-ciudadano\/wp-content\/uploads\/2022\/04\/D5151DE7-BD39-4630-B579-6E9200FEED43.jpeg\" data-link=\"https:\/\/artenara.es\/portal-ciudadano\/?attachment_id=11170\" class=\"wp-image-11170\" srcset=\"https:\/\/www.artenara.es\/portal-ciudadano\/wp-content\/uploads\/2022\/04\/D5151DE7-BD39-4630-B579-6E9200FEED43.jpeg 1024w, https:\/\/www.artenara.es\/portal-ciudadano\/wp-content\/uploads\/2022\/04\/D5151DE7-BD39-4630-B579-6E9200FEED43-300x221.jpeg 300w, https:\/\/www.artenara.es\/portal-ciudadano\/wp-content\/uploads\/2022\/04\/D5151DE7-BD39-4630-B579-6E9200FEED43-768x567.jpeg 768w, https:\/\/www.artenara.es\/portal-ciudadano\/wp-content\/uploads\/2022\/04\/D5151DE7-BD39-4630-B579-6E9200FEED43-418x309.jpeg 418w\" sizes=\"(max-width: 1024px) 100vw, 1024px\" \/><\/figure><\/li><li class=\"blocks-gallery-item\"><figure><img loading=\"lazy\" width=\"971\" height=\"717\" src=\"https:\/\/artenara.es\/portal-ciudadano\/wp-content\/uploads\/2022\/04\/1778CFC8-6274-4D76-899C-2D20F418E3A9.jpeg\" alt=\"\" data-id=\"11171\" data-full-url=\"https:\/\/artenara.es\/portal-ciudadano\/wp-content\/uploads\/2022\/04\/1778CFC8-6274-4D76-899C-2D20F418E3A9.jpeg\" data-link=\"https:\/\/artenara.es\/portal-ciudadano\/?attachment_id=11171\" class=\"wp-image-11171\" srcset=\"https:\/\/www.artenara.es\/portal-ciudadano\/wp-content\/uploads\/2022\/04\/1778CFC8-6274-4D76-899C-2D20F418E3A9.jpeg 971w, https:\/\/www.artenara.es\/portal-ciudadano\/wp-content\/uploads\/2022\/04\/1778CFC8-6274-4D76-899C-2D20F418E3A9-300x222.jpeg 300w, https:\/\/www.artenara.es\/portal-ciudadano\/wp-content\/uploads\/2022\/04\/1778CFC8-6274-4D76-899C-2D20F418E3A9-768x567.jpeg 768w, https:\/\/www.artenara.es\/portal-ciudadano\/wp-content\/uploads\/2022\/04\/1778CFC8-6274-4D76-899C-2D20F418E3A9-418x309.jpeg 418w\" sizes=\"(max-width: 971px) 100vw, 971px\" \/><\/figure><\/li><li class=\"blocks-gallery-item\"><figure><img loading=\"lazy\" width=\"990\" height=\"710\" src=\"https:\/\/artenara.es\/portal-ciudadano\/wp-content\/uploads\/2022\/04\/CBC9E95E-284E-4190-8302-72E484AEAE8C.jpeg\" alt=\"\" data-id=\"11172\" data-full-url=\"https:\/\/artenara.es\/portal-ciudadano\/wp-content\/uploads\/2022\/04\/CBC9E95E-284E-4190-8302-72E484AEAE8C.jpeg\" data-link=\"https:\/\/artenara.es\/portal-ciudadano\/?attachment_id=11172\" class=\"wp-image-11172\" srcset=\"https:\/\/www.artenara.es\/portal-ciudadano\/wp-content\/uploads\/2022\/04\/CBC9E95E-284E-4190-8302-72E484AEAE8C.jpeg 990w, https:\/\/www.artenara.es\/portal-ciudadano\/wp-content\/uploads\/2022\/04\/CBC9E95E-284E-4190-8302-72E484AEAE8C-300x215.jpeg 300w, https:\/\/www.artenara.es\/portal-ciudadano\/wp-content\/uploads\/2022\/04\/CBC9E95E-284E-4190-8302-72E484AEAE8C-768x551.jpeg 768w, https:\/\/www.artenara.es\/portal-ciudadano\/wp-content\/uploads\/2022\/04\/CBC9E95E-284E-4190-8302-72E484AEAE8C-418x300.jpeg 418w\" sizes=\"(max-width: 990px) 100vw, 990px\" \/><\/figure><\/li><li class=\"blocks-gallery-item\"><figure><img loading=\"lazy\" width=\"1024\" height=\"768\" src=\"https:\/\/artenara.es\/portal-ciudadano\/wp-content\/uploads\/2022\/04\/2E1E26C3-E39B-448D-A8F1-3361C9D33D29-1024x768.jpeg\" alt=\"\" data-id=\"11173\" data-full-url=\"https:\/\/artenara.es\/portal-ciudadano\/wp-content\/uploads\/2022\/04\/2E1E26C3-E39B-448D-A8F1-3361C9D33D29.jpeg\" data-link=\"https:\/\/artenara.es\/portal-ciudadano\/?attachment_id=11173\" class=\"wp-image-11173\" srcset=\"https:\/\/www.artenara.es\/portal-ciudadano\/wp-content\/uploads\/2022\/04\/2E1E26C3-E39B-448D-A8F1-3361C9D33D29-1024x768.jpeg 1024w, https:\/\/www.artenara.es\/portal-ciudadano\/wp-content\/uploads\/2022\/04\/2E1E26C3-E39B-448D-A8F1-3361C9D33D29-300x225.jpeg 300w, https:\/\/www.artenara.es\/portal-ciudadano\/wp-content\/uploads\/2022\/04\/2E1E26C3-E39B-448D-A8F1-3361C9D33D29-295x222.jpeg 295w, https:\/\/www.artenara.es\/portal-ciudadano\/wp-content\/uploads\/2022\/04\/2E1E26C3-E39B-448D-A8F1-3361C9D33D29-768x576.jpeg 768w, https:\/\/www.artenara.es\/portal-ciudadano\/wp-content\/uploads\/2022\/04\/2E1E26C3-E39B-448D-A8F1-3361C9D33D29-1536x1152.jpeg 1536w, https:\/\/www.artenara.es\/portal-ciudadano\/wp-content\/uploads\/2022\/04\/2E1E26C3-E39B-448D-A8F1-3361C9D33D29-418x314.jpeg 418w, https:\/\/www.artenara.es\/portal-ciudadano\/wp-content\/uploads\/2022\/04\/2E1E26C3-E39B-448D-A8F1-3361C9D33D29-1200x900.jpeg 1200w, https:\/\/www.artenara.es\/portal-ciudadano\/wp-content\/uploads\/2022\/04\/2E1E26C3-E39B-448D-A8F1-3361C9D33D29.jpeg 2048w\" sizes=\"(max-width: 1024px) 100vw, 1024px\" \/><\/figure><\/li><li class=\"blocks-gallery-item\"><figure><img loading=\"lazy\" width=\"1024\" height=\"751\" src=\"https:\/\/artenara.es\/portal-ciudadano\/wp-content\/uploads\/2022\/04\/7A15CCDC-4CCC-4CCD-903C-8C39BA7B4DCE-1024x751.jpeg\" alt=\"\" data-id=\"11174\" data-full-url=\"https:\/\/artenara.es\/portal-ciudadano\/wp-content\/uploads\/2022\/04\/7A15CCDC-4CCC-4CCD-903C-8C39BA7B4DCE.jpeg\" data-link=\"https:\/\/artenara.es\/portal-ciudadano\/?attachment_id=11174\" class=\"wp-image-11174\" srcset=\"https:\/\/www.artenara.es\/portal-ciudadano\/wp-content\/uploads\/2022\/04\/7A15CCDC-4CCC-4CCD-903C-8C39BA7B4DCE-1024x751.jpeg 1024w, https:\/\/www.artenara.es\/portal-ciudadano\/wp-content\/uploads\/2022\/04\/7A15CCDC-4CCC-4CCD-903C-8C39BA7B4DCE-300x220.jpeg 300w, https:\/\/www.artenara.es\/portal-ciudadano\/wp-content\/uploads\/2022\/04\/7A15CCDC-4CCC-4CCD-903C-8C39BA7B4DCE-768x563.jpeg 768w, https:\/\/www.artenara.es\/portal-ciudadano\/wp-content\/uploads\/2022\/04\/7A15CCDC-4CCC-4CCD-903C-8C39BA7B4DCE-1536x1126.jpeg 1536w, https:\/\/www.artenara.es\/portal-ciudadano\/wp-content\/uploads\/2022\/04\/7A15CCDC-4CCC-4CCD-903C-8C39BA7B4DCE-418x306.jpeg 418w, https:\/\/www.artenara.es\/portal-ciudadano\/wp-content\/uploads\/2022\/04\/7A15CCDC-4CCC-4CCD-903C-8C39BA7B4DCE.jpeg 2048w\" sizes=\"(max-width: 1024px) 100vw, 1024px\" \/><\/figure><\/li><\/ul><\/figure>\n\n\n\n<p><\/p>\n","protected":false},"excerpt":{"rendered":"<p>\ud835\udddb\ud835\uddfc\ud835\ude06 \ud835\ude00\ud835\uddf2 \ud835\uddf5\ud835\uddee \ud835\uddfd\ud835\uddff\ud835\uddfc\ud835\uddf0\ud835\uddf2\ud835\uddf1\ud835\uddf6\ud835\uddf1\ud835\uddfc \ud835\uddee \ud835\uddf9\ud835\uddee \ud835\uddf6\ud835\uddfb\ud835\uddee\ud835\ude02\ud835\uddf4\ud835\ude02\ud835\uddff\ud835\uddee\ud835\uddf0\ud835\uddf6\ud835\uddfc\u0301\ud835\uddfb \ud835\uddf1\ud835\uddf2 \ud835\uddf9\ud835\uddee \ud835\uddeb\ud835\uddeb \ud835\uddf2\ud835\uddf1\ud835\uddf6\ud835\uddf0\ud835\uddf6\ud835\uddfc\u0301\ud835\uddfb \ud835\uddf1\ud835\uddf2 \ud835\uddf9\ud835\uddee \ud835\uddd9\ud835\uddf2\ud835\uddff\ud835\uddf6\ud835\uddee \ud835\uddd8\ud835\uddfa\ud835\uddfd\ud835\uddff\ud835\uddf2\ud835\ude00\ud835\uddee\ud835\uddff\ud835\uddf6\ud835\uddee\ud835\uddf9 \ud835\uddf1\ud835\uddf2\ud835\uddf9 \ud835\udde1\ud835\uddfc\ud835\uddff\ud835\ude01\ud835\uddf2 \ud835\uddf1\ud835\uddf2 \ud835\uddda\ud835\uddff\ud835\uddee\ud835\uddfb \ud835\uddd6\ud835\uddee\ud835\uddfb\ud835\uddee\ud835\uddff\ud835\uddf6\ud835\uddee, \ud835\uddd8\ud835\udde1\ud835\udde2\ud835\udde5\ud835\udde7\ud835\uddd8 \ud835\udfee\ud835\udfec\ud835\udfee\ud835\udfee, \ud835\uddf2\ud835\uddfb \ud835\uddf2\ud835\uddf9 \ud835\uddfa\ud835\ude02\ud835\uddfb\ud835\uddf6\ud835\uddf0\ud835\uddf6\ud835\uddfd\ud835\uddf6\ud835\uddfc \ud835\uddf1\ud835\uddf2 \ud835\uddda\ud835\uddee\u0301\ud835\uddf9\ud835\uddf1\ud835\uddee\ud835\uddff. Hoy se ha inaugurado la XX Feria Empresarial del Norte de Gran Canaria, por el Presidente de la Mancomunidad del Norte, D. Juan Jes\u00fas Facundo, Alcalde de Arucas. &hellip;<\/p>\n","protected":false},"author":4,"featured_media":11165,"comment_status":"closed","ping_status":"open","sticky":false,"template":"","format":"standard","meta":[],"categories":[1],"tags":[],"_links":{"self":[{"href":"https:\/\/www.artenara.es\/portal-ciudadano\/wp-json\/wp\/v2\/posts\/11166"}],"collection":[{"href":"https:\/\/www.artenara.es\/portal-ciudadano\/wp-json\/wp\/v2\/posts"}],"about":[{"href":"https:\/\/www.artenara.es\/portal-ciudadano\/wp-json\/wp\/v2\/types\/post"}],"author":[{"embeddable":true,"href":"https:\/\/www.artenara.es\/portal-ciudadano\/wp-json\/wp\/v2\/users\/4"}],"replies":[{"embeddable":true,"href":"https:\/\/www.artenara.es\/portal-ciudadano\/wp-json\/wp\/v2\/comments?post=11166"}],"version-history":[{"count":1,"href":"https:\/\/www.artenara.es\/portal-ciudadano\/wp-json\/wp\/v2\/posts\/11166\/revisions"}],"predecessor-version":[{"id":11175,"href":"https:\/\/www.artenara.es\/portal-ciudadano\/wp-json\/wp\/v2\/posts\/11166\/revisions\/11175"}],"wp:featuredmedia":[{"embeddable":true,"href":"https:\/\/www.artenara.es\/portal-ciudadano\/wp-json\/wp\/v2\/media\/11165"}],"wp:attachment":[{"href":"https:\/\/www.artenara.es\/portal-ciudadano\/wp-json\/wp\/v2\/media?parent=11166"}],"wp:term":[{"taxonomy":"category","embeddable":true,"href":"https:\/\/www.artenara.es\/portal-ciudadano\/wp-json\/wp\/v2\/categories?post=11166"},{"taxonomy":"post_tag","embeddable":true,"href":"https:\/\/www.artenara.es\/portal-ciudadano\/wp-json\/wp\/v2\/tags?post=11166"}],"curies":[{"name":"wp","href":"https:\/\/api.w.org\/{rel}","templated":true}]}}