{"id":11312,"date":"2022-04-27T08:24:41","date_gmt":"2022-04-27T08:24:41","guid":{"rendered":"https:\/\/artenara.es\/portal-ciudadano\/?p=11312"},"modified":"2022-04-27T08:24:41","modified_gmt":"2022-04-27T08:24:41","slug":"dia-de-la-cruz","status":"publish","type":"post","link":"https:\/\/www.artenara.es\/portal-ciudadano\/social\/dia-de-la-cruz\/","title":{"rendered":"DIA DE LA CRUZ"},"content":{"rendered":"\n<figure class=\"wp-block-image size-large\"><img loading=\"lazy\" width=\"724\" height=\"1024\" src=\"https:\/\/artenara.es\/portal-ciudadano\/wp-content\/uploads\/2022\/04\/Dia-de-la-Cruz-1-1-724x1024.jpg\" alt=\"\" class=\"wp-image-11311\" srcset=\"https:\/\/www.artenara.es\/portal-ciudadano\/wp-content\/uploads\/2022\/04\/Dia-de-la-Cruz-1-1-724x1024.jpg 724w, https:\/\/www.artenara.es\/portal-ciudadano\/wp-content\/uploads\/2022\/04\/Dia-de-la-Cruz-1-1-212x300.jpg 212w, https:\/\/www.artenara.es\/portal-ciudadano\/wp-content\/uploads\/2022\/04\/Dia-de-la-Cruz-1-1-768x1086.jpg 768w, https:\/\/www.artenara.es\/portal-ciudadano\/wp-content\/uploads\/2022\/04\/Dia-de-la-Cruz-1-1-1086x1536.jpg 1086w, https:\/\/www.artenara.es\/portal-ciudadano\/wp-content\/uploads\/2022\/04\/Dia-de-la-Cruz-1-1-1448x2048.jpg 1448w, https:\/\/www.artenara.es\/portal-ciudadano\/wp-content\/uploads\/2022\/04\/Dia-de-la-Cruz-1-1-418x591.jpg 418w, https:\/\/www.artenara.es\/portal-ciudadano\/wp-content\/uploads\/2022\/04\/Dia-de-la-Cruz-1-1.jpg 1587w\" sizes=\"(max-width: 724px) 100vw, 724px\" \/><\/figure>\n\n\n\n<p><strong>DIA DE LA CRUZ - VIERNES 6 DE MAYO DE 2022<\/strong><\/p>\n\n\n\n<p><strong>A las 18:30 h.<\/strong> Celebraci\u00f3n de la Eucarist\u00eda en la Crucita del barrio de Las Cuevas.<\/p>\n\n\n\n<p><strong>A las 19:30 h.<\/strong> Actuaci\u00f3n de la parranda \"Sin Prisa\".<\/p>\n","protected":false},"excerpt":{"rendered":"<p>DIA DE LA CRUZ &#8211; VIERNES 6 DE MAYO DE 2022 A las 18:30 h. Celebraci\u00f3n de la Eucarist\u00eda en la Crucita del barrio de Las Cuevas. A las 19:30 h. Actuaci\u00f3n de la parranda &#8220;Sin Prisa&#8221;.<\/p>\n","protected":false},"author":4,"featured_media":11310,"comment_status":"closed","ping_status":"open","sticky":false,"template":"","format":"standard","meta":[],"categories":[3],"tags":[],"_links":{"self":[{"href":"https:\/\/www.artenara.es\/portal-ciudadano\/wp-json\/wp\/v2\/posts\/11312"}],"collection":[{"href":"https:\/\/www.artenara.es\/portal-ciudadano\/wp-json\/wp\/v2\/posts"}],"about":[{"href":"https:\/\/www.artenara.es\/portal-ciudadano\/wp-json\/wp\/v2\/types\/post"}],"author":[{"embeddable":true,"href":"https:\/\/www.artenara.es\/portal-ciudadano\/wp-json\/wp\/v2\/users\/4"}],"replies":[{"embeddable":true,"href":"https:\/\/www.artenara.es\/portal-ciudadano\/wp-json\/wp\/v2\/comments?post=11312"}],"version-history":[{"count":1,"href":"https:\/\/www.artenara.es\/portal-ciudadano\/wp-json\/wp\/v2\/posts\/11312\/revisions"}],"predecessor-version":[{"id":11313,"href":"https:\/\/www.artenara.es\/portal-ciudadano\/wp-json\/wp\/v2\/posts\/11312\/revisions\/11313"}],"wp:featuredmedia":[{"embeddable":true,"href":"https:\/\/www.artenara.es\/portal-ciudadano\/wp-json\/wp\/v2\/media\/11310"}],"wp:attachment":[{"href":"https:\/\/www.artenara.es\/portal-ciudadano\/wp-json\/wp\/v2\/media?parent=11312"}],"wp:term":[{"taxonomy":"category","embeddable":true,"href":"https:\/\/www.artenara.es\/portal-ciudadano\/wp-json\/wp\/v2\/categories?post=11312"},{"taxonomy":"post_tag","embeddable":true,"href":"https:\/\/www.artenara.es\/portal-ciudadano\/wp-json\/wp\/v2\/tags?post=11312"}],"curies":[{"name":"wp","href":"https:\/\/api.w.org\/{rel}","templated":true}]}}