{"id":11360,"date":"2022-05-02T09:57:33","date_gmt":"2022-05-02T09:57:33","guid":{"rendered":"https:\/\/artenara.es\/portal-ciudadano\/?p=11360"},"modified":"2022-05-02T09:59:32","modified_gmt":"2022-05-02T09:59:32","slug":"xvi-concurso-de-mieles-de-gran-canaria","status":"publish","type":"post","link":"https:\/\/www.artenara.es\/portal-ciudadano\/noticias\/xvi-concurso-de-mieles-de-gran-canaria\/","title":{"rendered":"XVI CONCURSO DE MIELES DE GRAN CANARIA"},"content":{"rendered":"\n<p>En nombre del Alcalde y de la Corporaci\u00f3n Municipal, felicitamos a nuestro vecino D. Francisco D\u00edaz D\u00edaz, por el Primer Premio, Miel \u00c1mbar, en la categor\u00eda de \"Apicultor Aficionado\", en el XVI Concurso Oficial de Mieles de Gran Canaria.<\/p>\n\n\n\n<p>Enhorabuena y a seguir cosechando productos y premios.<\/p>\n\n\n\n<figure class=\"wp-block-gallery columns-3 is-cropped\"><ul class=\"blocks-gallery-grid\"><li class=\"blocks-gallery-item\"><figure><img loading=\"lazy\" width=\"1024\" height=\"768\" src=\"https:\/\/artenara.es\/portal-ciudadano\/wp-content\/uploads\/2022\/05\/279091086_2211867378961313_3309052805219841836_n-1024x768.jpg\" alt=\"\" data-id=\"11367\" data-full-url=\"https:\/\/artenara.es\/portal-ciudadano\/wp-content\/uploads\/2022\/05\/279091086_2211867378961313_3309052805219841836_n.jpg\" data-link=\"https:\/\/artenara.es\/portal-ciudadano\/gastronomia\/xvi-concurso-de-mieles-de-gran-canaria\/attachment\/279091086_2211867378961313_3309052805219841836_n\/\" class=\"wp-image-11367\" srcset=\"https:\/\/www.artenara.es\/portal-ciudadano\/wp-content\/uploads\/2022\/05\/279091086_2211867378961313_3309052805219841836_n-1024x768.jpg 1024w, https:\/\/www.artenara.es\/portal-ciudadano\/wp-content\/uploads\/2022\/05\/279091086_2211867378961313_3309052805219841836_n-300x225.jpg 300w, https:\/\/www.artenara.es\/portal-ciudadano\/wp-content\/uploads\/2022\/05\/279091086_2211867378961313_3309052805219841836_n-295x222.jpg 295w, https:\/\/www.artenara.es\/portal-ciudadano\/wp-content\/uploads\/2022\/05\/279091086_2211867378961313_3309052805219841836_n-768x576.jpg 768w, https:\/\/www.artenara.es\/portal-ciudadano\/wp-content\/uploads\/2022\/05\/279091086_2211867378961313_3309052805219841836_n-1536x1152.jpg 1536w, https:\/\/www.artenara.es\/portal-ciudadano\/wp-content\/uploads\/2022\/05\/279091086_2211867378961313_3309052805219841836_n-418x314.jpg 418w, https:\/\/www.artenara.es\/portal-ciudadano\/wp-content\/uploads\/2022\/05\/279091086_2211867378961313_3309052805219841836_n-1200x900.jpg 1200w, https:\/\/www.artenara.es\/portal-ciudadano\/wp-content\/uploads\/2022\/05\/279091086_2211867378961313_3309052805219841836_n.jpg 1600w\" sizes=\"(max-width: 1024px) 100vw, 1024px\" \/><\/figure><\/li><li class=\"blocks-gallery-item\"><figure><img loading=\"lazy\" width=\"768\" height=\"1024\" src=\"https:\/\/artenara.es\/portal-ciudadano\/wp-content\/uploads\/2022\/05\/279091972_2211867362294648_8476830666777398691_n-768x1024.jpg\" alt=\"\" data-id=\"11368\" data-full-url=\"https:\/\/artenara.es\/portal-ciudadano\/wp-content\/uploads\/2022\/05\/279091972_2211867362294648_8476830666777398691_n.jpg\" data-link=\"https:\/\/artenara.es\/portal-ciudadano\/gastronomia\/xvi-concurso-de-mieles-de-gran-canaria\/attachment\/279091972_2211867362294648_8476830666777398691_n\/\" class=\"wp-image-11368\" srcset=\"https:\/\/www.artenara.es\/portal-ciudadano\/wp-content\/uploads\/2022\/05\/279091972_2211867362294648_8476830666777398691_n-768x1024.jpg 768w, https:\/\/www.artenara.es\/portal-ciudadano\/wp-content\/uploads\/2022\/05\/279091972_2211867362294648_8476830666777398691_n-225x300.jpg 225w, https:\/\/www.artenara.es\/portal-ciudadano\/wp-content\/uploads\/2022\/05\/279091972_2211867362294648_8476830666777398691_n-1152x1536.jpg 1152w, https:\/\/www.artenara.es\/portal-ciudadano\/wp-content\/uploads\/2022\/05\/279091972_2211867362294648_8476830666777398691_n-418x557.jpg 418w, https:\/\/www.artenara.es\/portal-ciudadano\/wp-content\/uploads\/2022\/05\/279091972_2211867362294648_8476830666777398691_n-89x120.jpg 89w, https:\/\/www.artenara.es\/portal-ciudadano\/wp-content\/uploads\/2022\/05\/279091972_2211867362294648_8476830666777398691_n-141x188.jpg 141w, https:\/\/www.artenara.es\/portal-ciudadano\/wp-content\/uploads\/2022\/05\/279091972_2211867362294648_8476830666777398691_n.jpg 1368w\" sizes=\"(max-width: 768px) 100vw, 768px\" \/><\/figure><\/li><li class=\"blocks-gallery-item\"><figure><img loading=\"lazy\" width=\"1024\" height=\"768\" src=\"https:\/\/artenara.es\/portal-ciudadano\/wp-content\/uploads\/2022\/05\/279108802_2211867462294638_4470711023980457308_n-1024x768.jpg\" alt=\"\" data-id=\"11369\" data-full-url=\"https:\/\/artenara.es\/portal-ciudadano\/wp-content\/uploads\/2022\/05\/279108802_2211867462294638_4470711023980457308_n.jpg\" data-link=\"https:\/\/artenara.es\/portal-ciudadano\/gastronomia\/xvi-concurso-de-mieles-de-gran-canaria\/attachment\/279108802_2211867462294638_4470711023980457308_n\/\" class=\"wp-image-11369\" srcset=\"https:\/\/www.artenara.es\/portal-ciudadano\/wp-content\/uploads\/2022\/05\/279108802_2211867462294638_4470711023980457308_n-1024x768.jpg 1024w, https:\/\/www.artenara.es\/portal-ciudadano\/wp-content\/uploads\/2022\/05\/279108802_2211867462294638_4470711023980457308_n-300x225.jpg 300w, https:\/\/www.artenara.es\/portal-ciudadano\/wp-content\/uploads\/2022\/05\/279108802_2211867462294638_4470711023980457308_n-295x222.jpg 295w, https:\/\/www.artenara.es\/portal-ciudadano\/wp-content\/uploads\/2022\/05\/279108802_2211867462294638_4470711023980457308_n-768x576.jpg 768w, https:\/\/www.artenara.es\/portal-ciudadano\/wp-content\/uploads\/2022\/05\/279108802_2211867462294638_4470711023980457308_n-1536x1152.jpg 1536w, https:\/\/www.artenara.es\/portal-ciudadano\/wp-content\/uploads\/2022\/05\/279108802_2211867462294638_4470711023980457308_n-418x314.jpg 418w, https:\/\/www.artenara.es\/portal-ciudadano\/wp-content\/uploads\/2022\/05\/279108802_2211867462294638_4470711023980457308_n-1200x900.jpg 1200w, https:\/\/www.artenara.es\/portal-ciudadano\/wp-content\/uploads\/2022\/05\/279108802_2211867462294638_4470711023980457308_n.jpg 1600w\" sizes=\"(max-width: 1024px) 100vw, 1024px\" \/><\/figure><\/li><\/ul><\/figure>\n","protected":false},"excerpt":{"rendered":"<p>En nombre del Alcalde y de la Corporaci\u00f3n Municipal, felicitamos a nuestro vecino D. Francisco D\u00edaz D\u00edaz, por el Primer Premio, Miel \u00c1mbar, en la categor\u00eda de &#8220;Apicultor Aficionado&#8221;, en el XVI Concurso Oficial de Mieles de Gran Canaria. Enhorabuena y a seguir cosechando productos y premios.<\/p>\n","protected":false},"author":4,"featured_media":11359,"comment_status":"closed","ping_status":"open","sticky":false,"template":"","format":"standard","meta":[],"categories":[1],"tags":[],"_links":{"self":[{"href":"https:\/\/www.artenara.es\/portal-ciudadano\/wp-json\/wp\/v2\/posts\/11360"}],"collection":[{"href":"https:\/\/www.artenara.es\/portal-ciudadano\/wp-json\/wp\/v2\/posts"}],"about":[{"href":"https:\/\/www.artenara.es\/portal-ciudadano\/wp-json\/wp\/v2\/types\/post"}],"author":[{"embeddable":true,"href":"https:\/\/www.artenara.es\/portal-ciudadano\/wp-json\/wp\/v2\/users\/4"}],"replies":[{"embeddable":true,"href":"https:\/\/www.artenara.es\/portal-ciudadano\/wp-json\/wp\/v2\/comments?post=11360"}],"version-history":[{"count":2,"href":"https:\/\/www.artenara.es\/portal-ciudadano\/wp-json\/wp\/v2\/posts\/11360\/revisions"}],"predecessor-version":[{"id":11370,"href":"https:\/\/www.artenara.es\/portal-ciudadano\/wp-json\/wp\/v2\/posts\/11360\/revisions\/11370"}],"wp:featuredmedia":[{"embeddable":true,"href":"https:\/\/www.artenara.es\/portal-ciudadano\/wp-json\/wp\/v2\/media\/11359"}],"wp:attachment":[{"href":"https:\/\/www.artenara.es\/portal-ciudadano\/wp-json\/wp\/v2\/media?parent=11360"}],"wp:term":[{"taxonomy":"category","embeddable":true,"href":"https:\/\/www.artenara.es\/portal-ciudadano\/wp-json\/wp\/v2\/categories?post=11360"},{"taxonomy":"post_tag","embeddable":true,"href":"https:\/\/www.artenara.es\/portal-ciudadano\/wp-json\/wp\/v2\/tags?post=11360"}],"curies":[{"name":"wp","href":"https:\/\/api.w.org\/{rel}","templated":true}]}}