{"id":11362,"date":"2022-05-02T09:58:28","date_gmt":"2022-05-02T09:58:28","guid":{"rendered":"https:\/\/artenara.es\/portal-ciudadano\/?p=11362"},"modified":"2022-05-02T09:58:58","modified_gmt":"2022-05-02T09:58:58","slug":"artenara-con-ucrania","status":"publish","type":"post","link":"https:\/\/www.artenara.es\/portal-ciudadano\/social\/artenara-con-ucrania\/","title":{"rendered":"ARTENARA CON UCRANIA"},"content":{"rendered":"\n<p>Desde el Pueblo de Artenara queremos expresar todo nuestro apoyo y solidaridad a la Comunidad Ucraniana de Canarias, afectada por las terribles consecuencias del ataque militar ruso contra su pueblo y su gentes.<\/p>\n\n\n\n<p>Hoy hemos celebrado un acto muy emotivo para ofrecer todo el \u00e1nimo posible a la situaci\u00f3n tan dif\u00edcil por la que est\u00e1n pasando estas familias que nos han visitado y a todo su pa\u00eds.<\/p>\n\n\n\n<p>Al mismo tiempo, mostramos nuestra repulsa a la guerra, que en estos momentos se est\u00e1 cobrando miles de muertos, heridos y desplazados. Rechazamos cualquier acci\u00f3n que vulnere por defecto o por omisi\u00f3n los derechos humanos, el derecho humanitario internacional y los principios democr\u00e1ticos. Agradecer la disposici\u00f3n de la Comunidad Parroquial de Artenara y al conjunto de Pulso y P\u00faas del Conservatorio de Las Palmas de Gran Canaria.<\/p>\n\n\n\n<figure class=\"wp-block-image size-large\"><img loading=\"lazy\" width=\"1024\" height=\"768\" src=\"https:\/\/artenara.es\/portal-ciudadano\/wp-content\/uploads\/2022\/05\/278985631_2212118662269518_1929744021359563647_n-1024x768.jpg\" alt=\"\" class=\"wp-image-11364\" srcset=\"https:\/\/www.artenara.es\/portal-ciudadano\/wp-content\/uploads\/2022\/05\/278985631_2212118662269518_1929744021359563647_n-1024x768.jpg 1024w, https:\/\/www.artenara.es\/portal-ciudadano\/wp-content\/uploads\/2022\/05\/278985631_2212118662269518_1929744021359563647_n-300x225.jpg 300w, https:\/\/www.artenara.es\/portal-ciudadano\/wp-content\/uploads\/2022\/05\/278985631_2212118662269518_1929744021359563647_n-295x222.jpg 295w, https:\/\/www.artenara.es\/portal-ciudadano\/wp-content\/uploads\/2022\/05\/278985631_2212118662269518_1929744021359563647_n-768x576.jpg 768w, https:\/\/www.artenara.es\/portal-ciudadano\/wp-content\/uploads\/2022\/05\/278985631_2212118662269518_1929744021359563647_n-1536x1152.jpg 1536w, https:\/\/www.artenara.es\/portal-ciudadano\/wp-content\/uploads\/2022\/05\/278985631_2212118662269518_1929744021359563647_n-418x314.jpg 418w, https:\/\/www.artenara.es\/portal-ciudadano\/wp-content\/uploads\/2022\/05\/278985631_2212118662269518_1929744021359563647_n-1200x900.jpg 1200w, https:\/\/www.artenara.es\/portal-ciudadano\/wp-content\/uploads\/2022\/05\/278985631_2212118662269518_1929744021359563647_n.jpg 2048w\" sizes=\"(max-width: 1024px) 100vw, 1024px\" \/><\/figure>\n","protected":false},"excerpt":{"rendered":"<p>Desde el Pueblo de Artenara queremos expresar todo nuestro apoyo y solidaridad a la Comunidad Ucraniana de Canarias, afectada por las terribles consecuencias del ataque militar ruso contra su pueblo y su gentes. Hoy hemos celebrado un acto muy emotivo para ofrecer todo el \u00e1nimo posible a la situaci\u00f3n tan dif\u00edcil por la que est\u00e1n &hellip;<\/p>\n","protected":false},"author":4,"featured_media":11358,"comment_status":"closed","ping_status":"open","sticky":false,"template":"","format":"standard","meta":[],"categories":[3],"tags":[],"_links":{"self":[{"href":"https:\/\/www.artenara.es\/portal-ciudadano\/wp-json\/wp\/v2\/posts\/11362"}],"collection":[{"href":"https:\/\/www.artenara.es\/portal-ciudadano\/wp-json\/wp\/v2\/posts"}],"about":[{"href":"https:\/\/www.artenara.es\/portal-ciudadano\/wp-json\/wp\/v2\/types\/post"}],"author":[{"embeddable":true,"href":"https:\/\/www.artenara.es\/portal-ciudadano\/wp-json\/wp\/v2\/users\/4"}],"replies":[{"embeddable":true,"href":"https:\/\/www.artenara.es\/portal-ciudadano\/wp-json\/wp\/v2\/comments?post=11362"}],"version-history":[{"count":3,"href":"https:\/\/www.artenara.es\/portal-ciudadano\/wp-json\/wp\/v2\/posts\/11362\/revisions"}],"predecessor-version":[{"id":11366,"href":"https:\/\/www.artenara.es\/portal-ciudadano\/wp-json\/wp\/v2\/posts\/11362\/revisions\/11366"}],"wp:featuredmedia":[{"embeddable":true,"href":"https:\/\/www.artenara.es\/portal-ciudadano\/wp-json\/wp\/v2\/media\/11358"}],"wp:attachment":[{"href":"https:\/\/www.artenara.es\/portal-ciudadano\/wp-json\/wp\/v2\/media?parent=11362"}],"wp:term":[{"taxonomy":"category","embeddable":true,"href":"https:\/\/www.artenara.es\/portal-ciudadano\/wp-json\/wp\/v2\/categories?post=11362"},{"taxonomy":"post_tag","embeddable":true,"href":"https:\/\/www.artenara.es\/portal-ciudadano\/wp-json\/wp\/v2\/tags?post=11362"}],"curies":[{"name":"wp","href":"https:\/\/api.w.org\/{rel}","templated":true}]}}