{"id":11879,"date":"2022-10-13T08:37:05","date_gmt":"2022-10-13T08:37:05","guid":{"rendered":"https:\/\/artenara.es\/portal-ciudadano\/?p=11879"},"modified":"2022-10-13T08:37:47","modified_gmt":"2022-10-13T08:37:47","slug":"bajada-a-la-aldea-cancelada","status":"publish","type":"post","link":"https:\/\/www.artenara.es\/portal-ciudadano\/deportes\/bajada-a-la-aldea-cancelada\/","title":{"rendered":"BAJADA A LA ALDEA CANCELADA"},"content":{"rendered":"\n<p>Debido al Riesgo de Fen\u00f3menos Meteorol\u00f3gicos Adversos (PEFMA), el pasado 6 de agosto, el ayuntamiento de Artenara se vio en la obligaci\u00f3n de aplazar la \u201cBajada a La Aldea\u201d ya que nos encontr\u00e1bamos en situaci\u00f3n de ALERTA por TEMPERATURAS M\u00c1XIMAS y por riesgo de INCENDIOS FORESTALES.<\/p>\n\n\n\n<p><br>La nueva fecha se hab\u00eda fijado para el 29 de octubre, pero muy a nuestro pesar, nos vemos en la obligaci\u00f3n de cancelarla hasta el pr\u00f3ximo a\u00f1o debido a que, tras la llegada de Hermine, un tramo de la pista forestal de Tirma se ha visto afectado impidiendo el paso de los veh\u00edculos de emergencia imprescindibles para la realizaci\u00f3n de dicha actividad.<\/p>\n\n\n\n<p><br>En cuanto al dinero de las inscripciones, pr\u00f3ximamente nos pondremos en contacto con las personas inscritas para proceder a su devoluci\u00f3n.<\/p>\n\n\n\n<p><br>Disculpen las molestias.<\/p>\n","protected":false},"excerpt":{"rendered":"<p>Debido al Riesgo de Fen\u00f3menos Meteorol\u00f3gicos Adversos (PEFMA), el pasado 6 de agosto, el ayuntamiento de Artenara se vio en la obligaci\u00f3n de aplazar la \u201cBajada a La Aldea\u201d ya que nos encontr\u00e1bamos en situaci\u00f3n de ALERTA por TEMPERATURAS M\u00c1XIMAS y por riesgo de INCENDIOS FORESTALES. La nueva fecha se hab\u00eda fijado para el 29 &hellip;<\/p>\n","protected":false},"author":4,"featured_media":11882,"comment_status":"closed","ping_status":"open","sticky":false,"template":"","format":"standard","meta":[],"categories":[4],"tags":[],"_links":{"self":[{"href":"https:\/\/www.artenara.es\/portal-ciudadano\/wp-json\/wp\/v2\/posts\/11879"}],"collection":[{"href":"https:\/\/www.artenara.es\/portal-ciudadano\/wp-json\/wp\/v2\/posts"}],"about":[{"href":"https:\/\/www.artenara.es\/portal-ciudadano\/wp-json\/wp\/v2\/types\/post"}],"author":[{"embeddable":true,"href":"https:\/\/www.artenara.es\/portal-ciudadano\/wp-json\/wp\/v2\/users\/4"}],"replies":[{"embeddable":true,"href":"https:\/\/www.artenara.es\/portal-ciudadano\/wp-json\/wp\/v2\/comments?post=11879"}],"version-history":[{"count":1,"href":"https:\/\/www.artenara.es\/portal-ciudadano\/wp-json\/wp\/v2\/posts\/11879\/revisions"}],"predecessor-version":[{"id":11880,"href":"https:\/\/www.artenara.es\/portal-ciudadano\/wp-json\/wp\/v2\/posts\/11879\/revisions\/11880"}],"wp:featuredmedia":[{"embeddable":true,"href":"https:\/\/www.artenara.es\/portal-ciudadano\/wp-json\/wp\/v2\/media\/11882"}],"wp:attachment":[{"href":"https:\/\/www.artenara.es\/portal-ciudadano\/wp-json\/wp\/v2\/media?parent=11879"}],"wp:term":[{"taxonomy":"category","embeddable":true,"href":"https:\/\/www.artenara.es\/portal-ciudadano\/wp-json\/wp\/v2\/categories?post=11879"},{"taxonomy":"post_tag","embeddable":true,"href":"https:\/\/www.artenara.es\/portal-ciudadano\/wp-json\/wp\/v2\/tags?post=11879"}],"curies":[{"name":"wp","href":"https:\/\/api.w.org\/{rel}","templated":true}]}}