{"id":12101,"date":"2023-02-08T13:49:59","date_gmt":"2023-02-08T13:49:59","guid":{"rendered":"https:\/\/artenara.es\/portal-ciudadano\/?p=12101"},"modified":"2023-02-08T13:50:00","modified_gmt":"2023-02-08T13:50:00","slug":"rally-islas-canarias","status":"publish","type":"post","link":"https:\/\/www.artenara.es\/portal-ciudadano\/social\/rally-islas-canarias\/","title":{"rendered":"RALLY ISLAS CANARIAS"},"content":{"rendered":"\n<p><strong>Aunque el municipio m\u00e1s alto de la isla de Gran Canaria no contar\u00e1 con tramo cronometrado, s\u00ed que seguir\u00e1 vinculado a la prueba europea con el test oficial programado para los primeros d\u00edas del mes de mayo. La visita a Artenara ya es tradici\u00f3n para aficionados y participantes.<\/strong><\/p>\n\n\n\n<figure class=\"wp-block-image size-large\"><img loading=\"lazy\" width=\"1024\" height=\"683\" src=\"https:\/\/artenara.es\/portal-ciudadano\/wp-content\/uploads\/2023\/02\/artenara2-1024x683.jpg\" alt=\"\" class=\"wp-image-12095\" srcset=\"https:\/\/www.artenara.es\/portal-ciudadano\/wp-content\/uploads\/2023\/02\/artenara2-1024x683.jpg 1024w, https:\/\/www.artenara.es\/portal-ciudadano\/wp-content\/uploads\/2023\/02\/artenara2-300x200.jpg 300w, https:\/\/www.artenara.es\/portal-ciudadano\/wp-content\/uploads\/2023\/02\/artenara2-768x512.jpg 768w, https:\/\/www.artenara.es\/portal-ciudadano\/wp-content\/uploads\/2023\/02\/artenara2-1536x1024.jpg 1536w, https:\/\/www.artenara.es\/portal-ciudadano\/wp-content\/uploads\/2023\/02\/artenara2-2048x1365.jpg 2048w, https:\/\/www.artenara.es\/portal-ciudadano\/wp-content\/uploads\/2023\/02\/artenara2-418x279.jpg 418w\" sizes=\"(max-width: 1024px) 100vw, 1024px\" \/><\/figure>\n\n\n\n<p>La primera semana del mes de mayo est\u00e1 subrayada en rojo en el calendario de los aficionados. A medida que el Rally Islas Canarias va ofreciendo detalles de su recorrido, los m\u00e1s apasionados de este deporte trazan su plan particular para seguir la prueba. Y hoy, sin ir m\u00e1s lejos, se descubre otro secreto.<br><br>Artenara confirma su v\u00ednculo con el Rally Islas Canarias, y lo hace a pesar de que los tramos cronometrados, como tales, no pasar\u00e1n por sus selectivas carreteras. Sin embargo, como viene siendo tradici\u00f3n desde hace varias ediciones, el municipio m\u00e1s alto de la isla acoger\u00e1 el test oficial, siempre de importante relevancia en los proleg\u00f3menos de la prueba. La similitud de sus carreteras, en comparaci\u00f3n con el perfil de las pruebas especiales, ha sido positivamente valorado en el pasado. La renovaci\u00f3n del convenio, firmado por Jes\u00fas D\u00edaz, como alcalde, y Germ\u00e1n Morales, como presidente del comit\u00e9 organizador, se produjo esta misma semana.<br><br>\u201cQue se acuerden de nosotros para celebrar esta prueba deportiva, que es la de mayor rango en Canarias, nos hace mucha ilusi\u00f3n\u201d, reconoci\u00f3 el primer edil. \u201cYa es tradici\u00f3n y en el pasado hemos visto que revitaliza la econom\u00eda del municipio. En definitiva, es excepcional para que los comercios sigan vivos\u201d, continu\u00f3. \u201cApostamos por seguir en el futuro del rally. El balance hasta ahora es muy positivo, la gente viene a Artenara y disfruta de nuestro municipio\u201d, concluy\u00f3 Jes\u00fas D\u00edaz.<br><br>\u201cLos equipos que han acudido a los test oficiales de Artenara, que hasta hoy han sido much\u00edsimos, siempre han terminado encantados con lo que all\u00ed encuentran\u201d, asegur\u00f3 Germ\u00e1n Morales. \u201cSe ha creado una atm\u00f3sfera envidiable alrededor de la jornada de test que acoge el municipio grancanario y nosotros estamos encantados de que su ayuntamiento valore de manera tan positiva la visita del rally\u201d, apunt\u00f3 el responsable de la organizaci\u00f3n.<br><br>Jes\u00fas D\u00edaz y Germ\u00e1n Morales firmaron el nuevo acuerdo de colaboraci\u00f3n en compa\u00f1\u00eda de Alberto D\u00edaz, concejal de Deportes de Artenara, y Miguel Espino, coordinador de Seguridad del 47 Rally Islas Canarias.<\/p>\n","protected":false},"excerpt":{"rendered":"<p>Aunque el municipio m\u00e1s alto de la isla de Gran Canaria no contar\u00e1 con tramo cronometrado, s\u00ed que seguir\u00e1 vinculado a la prueba europea con el test oficial programado para los primeros d\u00edas del mes de mayo. La visita a Artenara ya es tradici\u00f3n para aficionados y participantes. La primera semana del mes de mayo &hellip;<\/p>\n","protected":false},"author":4,"featured_media":12096,"comment_status":"closed","ping_status":"open","sticky":false,"template":"","format":"standard","meta":[],"categories":[4,3],"tags":[],"_links":{"self":[{"href":"https:\/\/www.artenara.es\/portal-ciudadano\/wp-json\/wp\/v2\/posts\/12101"}],"collection":[{"href":"https:\/\/www.artenara.es\/portal-ciudadano\/wp-json\/wp\/v2\/posts"}],"about":[{"href":"https:\/\/www.artenara.es\/portal-ciudadano\/wp-json\/wp\/v2\/types\/post"}],"author":[{"embeddable":true,"href":"https:\/\/www.artenara.es\/portal-ciudadano\/wp-json\/wp\/v2\/users\/4"}],"replies":[{"embeddable":true,"href":"https:\/\/www.artenara.es\/portal-ciudadano\/wp-json\/wp\/v2\/comments?post=12101"}],"version-history":[{"count":1,"href":"https:\/\/www.artenara.es\/portal-ciudadano\/wp-json\/wp\/v2\/posts\/12101\/revisions"}],"predecessor-version":[{"id":12102,"href":"https:\/\/www.artenara.es\/portal-ciudadano\/wp-json\/wp\/v2\/posts\/12101\/revisions\/12102"}],"wp:featuredmedia":[{"embeddable":true,"href":"https:\/\/www.artenara.es\/portal-ciudadano\/wp-json\/wp\/v2\/media\/12096"}],"wp:attachment":[{"href":"https:\/\/www.artenara.es\/portal-ciudadano\/wp-json\/wp\/v2\/media?parent=12101"}],"wp:term":[{"taxonomy":"category","embeddable":true,"href":"https:\/\/www.artenara.es\/portal-ciudadano\/wp-json\/wp\/v2\/categories?post=12101"},{"taxonomy":"post_tag","embeddable":true,"href":"https:\/\/www.artenara.es\/portal-ciudadano\/wp-json\/wp\/v2\/tags?post=12101"}],"curies":[{"name":"wp","href":"https:\/\/api.w.org\/{rel}","templated":true}]}}