{"id":12307,"date":"2023-06-28T07:52:54","date_gmt":"2023-06-28T07:52:54","guid":{"rendered":"https:\/\/artenara.es\/portal-ciudadano\/?p=12307"},"modified":"2023-06-28T07:52:54","modified_gmt":"2023-06-28T07:52:54","slug":"actuacion-musical-alegranza-folk-toques-del-norte","status":"publish","type":"post","link":"https:\/\/www.artenara.es\/portal-ciudadano\/social\/actuacion-musical-alegranza-folk-toques-del-norte\/","title":{"rendered":"Actuaci\u00f3n Musical. Alegranza Folk. Toques del Norte."},"content":{"rendered":"\n<p><strong>Ma\u00f1ana 29 de Junio<\/strong> a las <strong>11:00h<\/strong> en la Alameda Alcalde Severiano Luj\u00e1n Cabrera. Artenara. Actuaci\u00f3n Musical.<\/p>\n\n\n\n<figure class=\"wp-block-image size-large\"><img loading=\"lazy\" width=\"533\" height=\"800\" src=\"https:\/\/artenara.es\/portal-ciudadano\/wp-content\/uploads\/2023\/06\/Alegranza-Folk.jpg\" alt=\"\" class=\"wp-image-12308\" srcset=\"https:\/\/www.artenara.es\/portal-ciudadano\/wp-content\/uploads\/2023\/06\/Alegranza-Folk.jpg 533w, https:\/\/www.artenara.es\/portal-ciudadano\/wp-content\/uploads\/2023\/06\/Alegranza-Folk-200x300.jpg 200w, https:\/\/www.artenara.es\/portal-ciudadano\/wp-content\/uploads\/2023\/06\/Alegranza-Folk-418x627.jpg 418w\" sizes=\"(max-width: 533px) 100vw, 533px\" \/><\/figure>\n","protected":false},"excerpt":{"rendered":"<p>Ma\u00f1ana 29 de Junio a las 11:00h en la Alameda Alcalde Severiano Luj\u00e1n Cabrera. Artenara. Actuaci\u00f3n Musical.<\/p>\n","protected":false},"author":4,"featured_media":12309,"comment_status":"closed","ping_status":"closed","sticky":false,"template":"","format":"standard","meta":[],"categories":[6,5,3],"tags":[471,54,119],"_links":{"self":[{"href":"https:\/\/www.artenara.es\/portal-ciudadano\/wp-json\/wp\/v2\/posts\/12307"}],"collection":[{"href":"https:\/\/www.artenara.es\/portal-ciudadano\/wp-json\/wp\/v2\/posts"}],"about":[{"href":"https:\/\/www.artenara.es\/portal-ciudadano\/wp-json\/wp\/v2\/types\/post"}],"author":[{"embeddable":true,"href":"https:\/\/www.artenara.es\/portal-ciudadano\/wp-json\/wp\/v2\/users\/4"}],"replies":[{"embeddable":true,"href":"https:\/\/www.artenara.es\/portal-ciudadano\/wp-json\/wp\/v2\/comments?post=12307"}],"version-history":[{"count":1,"href":"https:\/\/www.artenara.es\/portal-ciudadano\/wp-json\/wp\/v2\/posts\/12307\/revisions"}],"predecessor-version":[{"id":12310,"href":"https:\/\/www.artenara.es\/portal-ciudadano\/wp-json\/wp\/v2\/posts\/12307\/revisions\/12310"}],"wp:featuredmedia":[{"embeddable":true,"href":"https:\/\/www.artenara.es\/portal-ciudadano\/wp-json\/wp\/v2\/media\/12309"}],"wp:attachment":[{"href":"https:\/\/www.artenara.es\/portal-ciudadano\/wp-json\/wp\/v2\/media?parent=12307"}],"wp:term":[{"taxonomy":"category","embeddable":true,"href":"https:\/\/www.artenara.es\/portal-ciudadano\/wp-json\/wp\/v2\/categories?post=12307"},{"taxonomy":"post_tag","embeddable":true,"href":"https:\/\/www.artenara.es\/portal-ciudadano\/wp-json\/wp\/v2\/tags?post=12307"}],"curies":[{"name":"wp","href":"https:\/\/api.w.org\/{rel}","templated":true}]}}