{"id":12358,"date":"2023-07-09T11:04:42","date_gmt":"2023-07-09T11:04:42","guid":{"rendered":"https:\/\/artenara.es\/portal-ciudadano\/?p=12358"},"modified":"2023-07-17T12:19:41","modified_gmt":"2023-07-17T12:19:41","slug":"fiestas-en-honor-a-san-antonio-de-padua-2023-lugarejos","status":"publish","type":"post","link":"https:\/\/www.artenara.es\/portal-ciudadano\/eventos\/fiestas-en-honor-a-san-antonio-de-padua-2023-lugarejos\/","title":{"rendered":"Fiestas en Honor a San Antonio de Padua 2023. Lugarejos."},"content":{"rendered":"\n<p>Imagen de la Rama de Lugarejos en las Fiestas en Honor a San Antonio de Padua 2023.<\/p>\n\n\n\n<figure class=\"wp-block-image size-large\"><img loading=\"lazy\" width=\"1024\" height=\"768\" src=\"https:\/\/artenara.es\/portal-ciudadano\/wp-content\/uploads\/2023\/07\/Rama-Lugarejos-2023-1024x768.jpeg\" alt=\"\" class=\"wp-image-12361\" srcset=\"https:\/\/www.artenara.es\/portal-ciudadano\/wp-content\/uploads\/2023\/07\/Rama-Lugarejos-2023-1024x768.jpeg 1024w, https:\/\/www.artenara.es\/portal-ciudadano\/wp-content\/uploads\/2023\/07\/Rama-Lugarejos-2023-300x225.jpeg 300w, https:\/\/www.artenara.es\/portal-ciudadano\/wp-content\/uploads\/2023\/07\/Rama-Lugarejos-2023-295x222.jpeg 295w, https:\/\/www.artenara.es\/portal-ciudadano\/wp-content\/uploads\/2023\/07\/Rama-Lugarejos-2023-768x576.jpeg 768w, https:\/\/www.artenara.es\/portal-ciudadano\/wp-content\/uploads\/2023\/07\/Rama-Lugarejos-2023-1536x1152.jpeg 1536w, https:\/\/www.artenara.es\/portal-ciudadano\/wp-content\/uploads\/2023\/07\/Rama-Lugarejos-2023-418x314.jpeg 418w, https:\/\/www.artenara.es\/portal-ciudadano\/wp-content\/uploads\/2023\/07\/Rama-Lugarejos-2023-1200x900.jpeg 1200w, https:\/\/www.artenara.es\/portal-ciudadano\/wp-content\/uploads\/2023\/07\/Rama-Lugarejos-2023.jpeg 2048w\" sizes=\"(max-width: 1024px) 100vw, 1024px\" \/><\/figure>\n\n\n\n<p>Con motivo de las Fiestas en Honor a San Antonio de Padua, el Alcalde de Artenara, Don Jes\u00fas D\u00edaz Luj\u00e1n, inaguraba en el barrio de Lugarejos una placa conmemorativa para los artenarenses que emigraron a la Aldea y en homenaje al pueblo Aldeano.Adem\u00e1s, Don Jes\u00fas, mostr\u00f3 su agradecimiento al Alcalde de la Aldea de San Nicol\u00e1s, Don Victor Juan Hern\u00e1ndez Rodr\u00edguez, por acoger a los artenarenses en su Municipio en el Incendio que tuvo lugar en el a\u00f1o 2019.<\/p>\n","protected":false},"excerpt":{"rendered":"<p>Imagen de la Rama de Lugarejos en las Fiestas en Honor a San Antonio de Padua 2023. Con motivo de las Fiestas en Honor a San Antonio de Padua, el Alcalde de Artenara, Don Jes\u00fas D\u00edaz Luj\u00e1n, inaguraba en el barrio de Lugarejos una placa conmemorativa para los artenarenses que emigraron a la Aldea y &hellip;<\/p>\n","protected":false},"author":4,"featured_media":0,"comment_status":"closed","ping_status":"closed","sticky":false,"template":"","format":"standard","meta":[],"categories":[6,2,5,3],"tags":[483,54,243,482,454],"_links":{"self":[{"href":"https:\/\/www.artenara.es\/portal-ciudadano\/wp-json\/wp\/v2\/posts\/12358"}],"collection":[{"href":"https:\/\/www.artenara.es\/portal-ciudadano\/wp-json\/wp\/v2\/posts"}],"about":[{"href":"https:\/\/www.artenara.es\/portal-ciudadano\/wp-json\/wp\/v2\/types\/post"}],"author":[{"embeddable":true,"href":"https:\/\/www.artenara.es\/portal-ciudadano\/wp-json\/wp\/v2\/users\/4"}],"replies":[{"embeddable":true,"href":"https:\/\/www.artenara.es\/portal-ciudadano\/wp-json\/wp\/v2\/comments?post=12358"}],"version-history":[{"count":3,"href":"https:\/\/www.artenara.es\/portal-ciudadano\/wp-json\/wp\/v2\/posts\/12358\/revisions"}],"predecessor-version":[{"id":12399,"href":"https:\/\/www.artenara.es\/portal-ciudadano\/wp-json\/wp\/v2\/posts\/12358\/revisions\/12399"}],"wp:attachment":[{"href":"https:\/\/www.artenara.es\/portal-ciudadano\/wp-json\/wp\/v2\/media?parent=12358"}],"wp:term":[{"taxonomy":"category","embeddable":true,"href":"https:\/\/www.artenara.es\/portal-ciudadano\/wp-json\/wp\/v2\/categories?post=12358"},{"taxonomy":"post_tag","embeddable":true,"href":"https:\/\/www.artenara.es\/portal-ciudadano\/wp-json\/wp\/v2\/tags?post=12358"}],"curies":[{"name":"wp","href":"https:\/\/api.w.org\/{rel}","templated":true}]}}