{"id":12413,"date":"2023-07-18T08:39:48","date_gmt":"2023-07-18T08:39:48","guid":{"rendered":"https:\/\/artenara.es\/portal-ciudadano\/?p=12413"},"modified":"2023-07-18T08:39:49","modified_gmt":"2023-07-18T08:39:49","slug":"activacion-de-la-atencion-psicologica-del-servicio-de-atencion-y-prevencion-integral-a-mujeres-victimas-de-violencia-de-genero","status":"publish","type":"post","link":"https:\/\/www.artenara.es\/portal-ciudadano\/social\/activacion-de-la-atencion-psicologica-del-servicio-de-atencion-y-prevencion-integral-a-mujeres-victimas-de-violencia-de-genero\/","title":{"rendered":"Activaci\u00f3n de la Atenci\u00f3n Psicol\u00f3gica del Servicio de Atenci\u00f3n y Prevenci\u00f3n Integral a Mujeres V\u00edctimas de Violencia de G\u00e9nero."},"content":{"rendered":"\n<p>\ud83d\udce3 Desde el \u00c1rea de Igualdad del Ayuntamiento de Artenara se informa a toda la poblaci\u00f3n de que el Servicio de Atenci\u00f3n y Prevenci\u00f3n Integral a Mujeres y Menores V\u00edctimas de Violencia de G\u00e9nero tiene activa la ATENCI\u00d3N PSICOL\u00d3GICA<\/p>\n\n\n\n<p>La atenci\u00f3n psicol\u00f3gica es para todas las mujeres del municipio que necesiten apoyo psicol\u00f3gico.<\/p>\n\n\n\n<p>Cuida tu salud mental. Pide cita. <\/p>\n\n\n\n<p>Te acompa\u00f1amos.<\/p>\n\n\n\n<figure class=\"wp-block-image size-large\"><img src=\"https:\/\/artenara.es\/portal-ciudadano\/wp-content\/uploads\/2023\/07\/WhatsApp-Image-2023-07-14-at-10.03.41-724x1024.jpeg\" alt=\"\" class=\"wp-image-12414\"\/><\/figure>\n","protected":false},"excerpt":{"rendered":"<p>\ud83d\udce3 Desde el \u00c1rea de Igualdad del Ayuntamiento de Artenara se informa a toda la poblaci\u00f3n de que el Servicio de Atenci\u00f3n y Prevenci\u00f3n Integral a Mujeres y Menores V\u00edctimas de Violencia de G\u00e9nero tiene activa la ATENCI\u00d3N PSICOL\u00d3GICA La atenci\u00f3n psicol\u00f3gica es para todas las mujeres del municipio que necesiten apoyo psicol\u00f3gico. Cuida tu &hellip;<\/p>\n","protected":false},"author":4,"featured_media":0,"comment_status":"closed","ping_status":"closed","sticky":false,"template":"","format":"standard","meta":[],"categories":[5,3],"tags":[54,499,498],"_links":{"self":[{"href":"https:\/\/www.artenara.es\/portal-ciudadano\/wp-json\/wp\/v2\/posts\/12413"}],"collection":[{"href":"https:\/\/www.artenara.es\/portal-ciudadano\/wp-json\/wp\/v2\/posts"}],"about":[{"href":"https:\/\/www.artenara.es\/portal-ciudadano\/wp-json\/wp\/v2\/types\/post"}],"author":[{"embeddable":true,"href":"https:\/\/www.artenara.es\/portal-ciudadano\/wp-json\/wp\/v2\/users\/4"}],"replies":[{"embeddable":true,"href":"https:\/\/www.artenara.es\/portal-ciudadano\/wp-json\/wp\/v2\/comments?post=12413"}],"version-history":[{"count":1,"href":"https:\/\/www.artenara.es\/portal-ciudadano\/wp-json\/wp\/v2\/posts\/12413\/revisions"}],"predecessor-version":[{"id":12415,"href":"https:\/\/www.artenara.es\/portal-ciudadano\/wp-json\/wp\/v2\/posts\/12413\/revisions\/12415"}],"wp:attachment":[{"href":"https:\/\/www.artenara.es\/portal-ciudadano\/wp-json\/wp\/v2\/media?parent=12413"}],"wp:term":[{"taxonomy":"category","embeddable":true,"href":"https:\/\/www.artenara.es\/portal-ciudadano\/wp-json\/wp\/v2\/categories?post=12413"},{"taxonomy":"post_tag","embeddable":true,"href":"https:\/\/www.artenara.es\/portal-ciudadano\/wp-json\/wp\/v2\/tags?post=12413"}],"curies":[{"name":"wp","href":"https:\/\/api.w.org\/{rel}","templated":true}]}}