{"id":12421,"date":"2023-07-19T11:12:41","date_gmt":"2023-07-19T11:12:41","guid":{"rendered":"https:\/\/artenara.es\/portal-ciudadano\/?p=12421"},"modified":"2023-07-19T11:13:56","modified_gmt":"2023-07-19T11:13:56","slug":"sabado-22-de-julio-festival-amazigh-plaza-de-san-matias","status":"publish","type":"post","link":"https:\/\/www.artenara.es\/portal-ciudadano\/social\/sabado-22-de-julio-festival-amazigh-plaza-de-san-matias\/","title":{"rendered":"S\u00e1bado, 22 de Julio. Festival Amazigh. Plaza de San Mat\u00edas."},"content":{"rendered":"\n<figure class=\"wp-block-image size-large\"><img src=\"https:\/\/artenara.es\/portal-ciudadano\/wp-content\/uploads\/2023\/07\/IMG-20230719-WA0007.jpg\" alt=\"\" class=\"wp-image-12422\"\/><\/figure>\n\n\n\n<p><strong>S\u00e1bado, 22 de Julio Festival Amazigh.<\/strong><\/p>\n\n\n\n<p>Plaza de San Mat\u00edas.<\/p>\n\n\n\n<p>Mural, charla, talleres y mucho m\u00e1s.<\/p>\n\n\n\n<p>\u00a1No te lo puedes perder!.<\/p>\n","protected":false},"excerpt":{"rendered":"<p>S\u00e1bado, 22 de Julio Festival Amazigh. Plaza de San Mat\u00edas. Mural, charla, talleres y mucho m\u00e1s. \u00a1No te lo puedes perder!.<\/p>\n","protected":false},"author":4,"featured_media":12424,"comment_status":"closed","ping_status":"closed","sticky":false,"template":"","format":"standard","meta":[],"categories":[6,3],"tags":[54,501,502],"_links":{"self":[{"href":"https:\/\/www.artenara.es\/portal-ciudadano\/wp-json\/wp\/v2\/posts\/12421"}],"collection":[{"href":"https:\/\/www.artenara.es\/portal-ciudadano\/wp-json\/wp\/v2\/posts"}],"about":[{"href":"https:\/\/www.artenara.es\/portal-ciudadano\/wp-json\/wp\/v2\/types\/post"}],"author":[{"embeddable":true,"href":"https:\/\/www.artenara.es\/portal-ciudadano\/wp-json\/wp\/v2\/users\/4"}],"replies":[{"embeddable":true,"href":"https:\/\/www.artenara.es\/portal-ciudadano\/wp-json\/wp\/v2\/comments?post=12421"}],"version-history":[{"count":2,"href":"https:\/\/www.artenara.es\/portal-ciudadano\/wp-json\/wp\/v2\/posts\/12421\/revisions"}],"predecessor-version":[{"id":12426,"href":"https:\/\/www.artenara.es\/portal-ciudadano\/wp-json\/wp\/v2\/posts\/12421\/revisions\/12426"}],"wp:featuredmedia":[{"embeddable":true,"href":"https:\/\/www.artenara.es\/portal-ciudadano\/wp-json\/wp\/v2\/media\/12424"}],"wp:attachment":[{"href":"https:\/\/www.artenara.es\/portal-ciudadano\/wp-json\/wp\/v2\/media?parent=12421"}],"wp:term":[{"taxonomy":"category","embeddable":true,"href":"https:\/\/www.artenara.es\/portal-ciudadano\/wp-json\/wp\/v2\/categories?post=12421"},{"taxonomy":"post_tag","embeddable":true,"href":"https:\/\/www.artenara.es\/portal-ciudadano\/wp-json\/wp\/v2\/tags?post=12421"}],"curies":[{"name":"wp","href":"https:\/\/api.w.org\/{rel}","templated":true}]}}