{"id":12427,"date":"2023-07-20T08:56:12","date_gmt":"2023-07-20T08:56:12","guid":{"rendered":"https:\/\/artenara.es\/portal-ciudadano\/?p=12427"},"modified":"2023-07-20T08:56:13","modified_gmt":"2023-07-20T08:56:13","slug":"campus-de-verano-artenara-2023-2","status":"publish","type":"post","link":"https:\/\/www.artenara.es\/portal-ciudadano\/social\/campus-de-verano-artenara-2023-2\/","title":{"rendered":"Campus de Verano Artenara 2023."},"content":{"rendered":"\n<p>El pasado lunes, 17 de Julio tuvo lugar el inicio del Campus de Verano Artenara 2023.<br>Este a\u00f1o ha tenido mucho \u00e9xito, pues cuenta con 30 menores que, est\u00e1n dispuestos\/as a divertirse y disfrutar a lo grande de los diferentes talleres, actividades deportivas, excursiones, salidas culturales, etc.<br>Aqu\u00ed les dejamos unas im\u00e1genes y videos de actividades del Campus.<\/p>\n\n\n\n<figure class=\"wp-block-image size-large\"><img loading=\"lazy\" width=\"1024\" height=\"768\" src=\"https:\/\/artenara.es\/portal-ciudadano\/wp-content\/uploads\/2023\/07\/WhatsApp-Image-2023-07-20-at-09.41.05-1024x768.jpeg\" alt=\"\" class=\"wp-image-12429\" srcset=\"https:\/\/www.artenara.es\/portal-ciudadano\/wp-content\/uploads\/2023\/07\/WhatsApp-Image-2023-07-20-at-09.41.05-1024x768.jpeg 1024w, https:\/\/www.artenara.es\/portal-ciudadano\/wp-content\/uploads\/2023\/07\/WhatsApp-Image-2023-07-20-at-09.41.05-300x225.jpeg 300w, https:\/\/www.artenara.es\/portal-ciudadano\/wp-content\/uploads\/2023\/07\/WhatsApp-Image-2023-07-20-at-09.41.05-295x222.jpeg 295w, https:\/\/www.artenara.es\/portal-ciudadano\/wp-content\/uploads\/2023\/07\/WhatsApp-Image-2023-07-20-at-09.41.05-768x576.jpeg 768w, https:\/\/www.artenara.es\/portal-ciudadano\/wp-content\/uploads\/2023\/07\/WhatsApp-Image-2023-07-20-at-09.41.05-1536x1152.jpeg 1536w, https:\/\/www.artenara.es\/portal-ciudadano\/wp-content\/uploads\/2023\/07\/WhatsApp-Image-2023-07-20-at-09.41.05-418x314.jpeg 418w, https:\/\/www.artenara.es\/portal-ciudadano\/wp-content\/uploads\/2023\/07\/WhatsApp-Image-2023-07-20-at-09.41.05-1200x900.jpeg 1200w, https:\/\/www.artenara.es\/portal-ciudadano\/wp-content\/uploads\/2023\/07\/WhatsApp-Image-2023-07-20-at-09.41.05.jpeg 1600w\" sizes=\"(max-width: 1024px) 100vw, 1024px\" \/><\/figure>\n\n\n\n<figure class=\"wp-block-video\"><video controls src=\"https:\/\/artenara.es\/portal-ciudadano\/wp-content\/uploads\/2023\/07\/WhatsApp-Video-2023-07-20-at-09.41.05.mp4\"><\/video><\/figure>\n\n\n\n<figure class=\"wp-block-image size-large\"><img loading=\"lazy\" width=\"1024\" height=\"768\" src=\"https:\/\/artenara.es\/portal-ciudadano\/wp-content\/uploads\/2023\/07\/WhatsApp-Image-2023-07-20-at-09.41.05-1-1024x768.jpeg\" alt=\"\" class=\"wp-image-12428\" srcset=\"https:\/\/www.artenara.es\/portal-ciudadano\/wp-content\/uploads\/2023\/07\/WhatsApp-Image-2023-07-20-at-09.41.05-1-1024x768.jpeg 1024w, https:\/\/www.artenara.es\/portal-ciudadano\/wp-content\/uploads\/2023\/07\/WhatsApp-Image-2023-07-20-at-09.41.05-1-300x225.jpeg 300w, https:\/\/www.artenara.es\/portal-ciudadano\/wp-content\/uploads\/2023\/07\/WhatsApp-Image-2023-07-20-at-09.41.05-1-295x222.jpeg 295w, https:\/\/www.artenara.es\/portal-ciudadano\/wp-content\/uploads\/2023\/07\/WhatsApp-Image-2023-07-20-at-09.41.05-1-768x576.jpeg 768w, https:\/\/www.artenara.es\/portal-ciudadano\/wp-content\/uploads\/2023\/07\/WhatsApp-Image-2023-07-20-at-09.41.05-1-1536x1152.jpeg 1536w, https:\/\/www.artenara.es\/portal-ciudadano\/wp-content\/uploads\/2023\/07\/WhatsApp-Image-2023-07-20-at-09.41.05-1-418x314.jpeg 418w, https:\/\/www.artenara.es\/portal-ciudadano\/wp-content\/uploads\/2023\/07\/WhatsApp-Image-2023-07-20-at-09.41.05-1-1200x900.jpeg 1200w, https:\/\/www.artenara.es\/portal-ciudadano\/wp-content\/uploads\/2023\/07\/WhatsApp-Image-2023-07-20-at-09.41.05-1.jpeg 1600w\" sizes=\"(max-width: 1024px) 100vw, 1024px\" \/><\/figure>\n\n\n\n<figure class=\"wp-block-video\"><video controls src=\"https:\/\/artenara.es\/portal-ciudadano\/wp-content\/uploads\/2023\/07\/WhatsApp-Video-2023-07-20-at-09.41.05-1.mp4\"><\/video><\/figure>\n","protected":false},"excerpt":{"rendered":"<p>El pasado lunes, 17 de Julio tuvo lugar el inicio del Campus de Verano Artenara 2023.Este a\u00f1o ha tenido mucho \u00e9xito, pues cuenta con 30 menores que, est\u00e1n dispuestos\/as a divertirse y disfrutar a lo grande de los diferentes talleres, actividades deportivas, excursiones, salidas culturales, etc.Aqu\u00ed les dejamos unas im\u00e1genes y videos de actividades del &hellip;<\/p>\n","protected":false},"author":4,"featured_media":0,"comment_status":"closed","ping_status":"closed","sticky":false,"template":"","format":"standard","meta":[],"categories":[3],"tags":[54,472],"_links":{"self":[{"href":"https:\/\/www.artenara.es\/portal-ciudadano\/wp-json\/wp\/v2\/posts\/12427"}],"collection":[{"href":"https:\/\/www.artenara.es\/portal-ciudadano\/wp-json\/wp\/v2\/posts"}],"about":[{"href":"https:\/\/www.artenara.es\/portal-ciudadano\/wp-json\/wp\/v2\/types\/post"}],"author":[{"embeddable":true,"href":"https:\/\/www.artenara.es\/portal-ciudadano\/wp-json\/wp\/v2\/users\/4"}],"replies":[{"embeddable":true,"href":"https:\/\/www.artenara.es\/portal-ciudadano\/wp-json\/wp\/v2\/comments?post=12427"}],"version-history":[{"count":1,"href":"https:\/\/www.artenara.es\/portal-ciudadano\/wp-json\/wp\/v2\/posts\/12427\/revisions"}],"predecessor-version":[{"id":12432,"href":"https:\/\/www.artenara.es\/portal-ciudadano\/wp-json\/wp\/v2\/posts\/12427\/revisions\/12432"}],"wp:attachment":[{"href":"https:\/\/www.artenara.es\/portal-ciudadano\/wp-json\/wp\/v2\/media?parent=12427"}],"wp:term":[{"taxonomy":"category","embeddable":true,"href":"https:\/\/www.artenara.es\/portal-ciudadano\/wp-json\/wp\/v2\/categories?post=12427"},{"taxonomy":"post_tag","embeddable":true,"href":"https:\/\/www.artenara.es\/portal-ciudadano\/wp-json\/wp\/v2\/tags?post=12427"}],"curies":[{"name":"wp","href":"https:\/\/api.w.org\/{rel}","templated":true}]}}