{"id":12465,"date":"2023-07-27T19:45:00","date_gmt":"2023-07-27T19:45:00","guid":{"rendered":"https:\/\/artenara.es\/portal-ciudadano\/?p=12465"},"modified":"2023-07-27T19:45:01","modified_gmt":"2023-07-27T19:45:01","slug":"repicador-a-la-cuevita-2023","status":"publish","type":"post","link":"https:\/\/www.artenara.es\/portal-ciudadano\/social\/repicador-a-la-cuevita-2023\/","title":{"rendered":"Repicador\/a La Cuevita 2023."},"content":{"rendered":"\n<figure class=\"wp-block-image size-large\"><img loading=\"lazy\" width=\"1024\" height=\"724\" src=\"https:\/\/artenara.es\/portal-ciudadano\/wp-content\/uploads\/2023\/07\/1000129485.jpg\" alt=\"\" class=\"wp-image-12466\" srcset=\"https:\/\/www.artenara.es\/portal-ciudadano\/wp-content\/uploads\/2023\/07\/1000129485.jpg 1024w, https:\/\/www.artenara.es\/portal-ciudadano\/wp-content\/uploads\/2023\/07\/1000129485-300x212.jpg 300w, https:\/\/www.artenara.es\/portal-ciudadano\/wp-content\/uploads\/2023\/07\/1000129485-768x543.jpg 768w, https:\/\/www.artenara.es\/portal-ciudadano\/wp-content\/uploads\/2023\/07\/1000129485-418x296.jpg 418w\" sizes=\"(max-width: 1024px) 100vw, 1024px\" \/><\/figure>\n\n\n\n<p>\"Repique anunciador de las Fiestas de La Cuevita 2023\"<\/p>\n\n\n\n<p>El pr\u00f3ximo martes 15 de agosto celebraremos nuevamente el inicio de nuestras fiestas y este a\u00f1o viene cargado de importantes sorpresas.<\/p>\n\n\n\n<p>Habr\u00e1 juegos infantiles, banda de m\u00fasica\u2026 y una actuaci\u00f3n musical es-pec-ta-cu-laaaarrr\u2026<\/p>\n\n\n\n<p>\u00bfQuieres ser repicador\/a oficial de este a\u00f1o?<br>Elegiremos por sorteo a un repicador y una repicadora oficiales para que sean quienes se encarguen de anunciar el inicio de las fiestas m\u00e1s populares de Artenara.<br>(V\u00e1lido s\u00f3lo empadronadas\/os y mayores de edad)<\/p>\n\n\n\n<p>Inscr\u00edbete aqu\u00ed: https:\/\/bit.ly\/repiquelacuevita2023 o en www.descubreartenara.com<\/p>\n\n\n\n<p>Organiza: Asociaci\u00f3n empresarial de Artenara, EDARTE<\/p>\n\n\n\n<p>Colabora: Ayuntamiento de Artenara<\/p>\n\n\n\n<p>Financia: Consejer\u00eda de Industria, Comercio y Artesan\u00eda. Cabildo de Gran Canaria<\/p>\n","protected":false},"excerpt":{"rendered":"<p>&#8220;Repique anunciador de las Fiestas de La Cuevita 2023&#8221; El pr\u00f3ximo martes 15 de agosto celebraremos nuevamente el inicio de nuestras fiestas y este a\u00f1o viene cargado de importantes sorpresas. Habr\u00e1 juegos infantiles, banda de m\u00fasica\u2026 y una actuaci\u00f3n musical es-pec-ta-cu-laaaarrr\u2026 \u00bfQuieres ser repicador\/a oficial de este a\u00f1o?Elegiremos por sorteo a un repicador y una &hellip;<\/p>\n","protected":false},"author":4,"featured_media":12466,"comment_status":"closed","ping_status":"closed","sticky":false,"template":"","format":"standard","meta":[],"categories":[6,3],"tags":[54,505,514],"_links":{"self":[{"href":"https:\/\/www.artenara.es\/portal-ciudadano\/wp-json\/wp\/v2\/posts\/12465"}],"collection":[{"href":"https:\/\/www.artenara.es\/portal-ciudadano\/wp-json\/wp\/v2\/posts"}],"about":[{"href":"https:\/\/www.artenara.es\/portal-ciudadano\/wp-json\/wp\/v2\/types\/post"}],"author":[{"embeddable":true,"href":"https:\/\/www.artenara.es\/portal-ciudadano\/wp-json\/wp\/v2\/users\/4"}],"replies":[{"embeddable":true,"href":"https:\/\/www.artenara.es\/portal-ciudadano\/wp-json\/wp\/v2\/comments?post=12465"}],"version-history":[{"count":1,"href":"https:\/\/www.artenara.es\/portal-ciudadano\/wp-json\/wp\/v2\/posts\/12465\/revisions"}],"predecessor-version":[{"id":12467,"href":"https:\/\/www.artenara.es\/portal-ciudadano\/wp-json\/wp\/v2\/posts\/12465\/revisions\/12467"}],"wp:featuredmedia":[{"embeddable":true,"href":"https:\/\/www.artenara.es\/portal-ciudadano\/wp-json\/wp\/v2\/media\/12466"}],"wp:attachment":[{"href":"https:\/\/www.artenara.es\/portal-ciudadano\/wp-json\/wp\/v2\/media?parent=12465"}],"wp:term":[{"taxonomy":"category","embeddable":true,"href":"https:\/\/www.artenara.es\/portal-ciudadano\/wp-json\/wp\/v2\/categories?post=12465"},{"taxonomy":"post_tag","embeddable":true,"href":"https:\/\/www.artenara.es\/portal-ciudadano\/wp-json\/wp\/v2\/tags?post=12465"}],"curies":[{"name":"wp","href":"https:\/\/api.w.org\/{rel}","templated":true}]}}