{"id":12495,"date":"2023-08-03T08:40:36","date_gmt":"2023-08-03T08:40:36","guid":{"rendered":"https:\/\/artenara.es\/portal-ciudadano\/?p=12495"},"modified":"2023-08-03T08:40:37","modified_gmt":"2023-08-03T08:40:37","slug":"fiesta-de-la-tercera-edad-2023","status":"publish","type":"post","link":"https:\/\/www.artenara.es\/portal-ciudadano\/eventos\/fiesta-de-la-tercera-edad-2023\/","title":{"rendered":"Fiesta de la Tercera Edad 2023."},"content":{"rendered":"\n<figure class=\"wp-block-image size-large\"><img loading=\"lazy\" width=\"726\" height=\"1024\" src=\"https:\/\/artenara.es\/portal-ciudadano\/wp-content\/uploads\/2023\/08\/CARTEL-FIESTA-DE-LOS-MAYORES-2023-726x1024.jpg\" alt=\"\" class=\"wp-image-12496\" srcset=\"https:\/\/www.artenara.es\/portal-ciudadano\/wp-content\/uploads\/2023\/08\/CARTEL-FIESTA-DE-LOS-MAYORES-2023-726x1024.jpg 726w, https:\/\/www.artenara.es\/portal-ciudadano\/wp-content\/uploads\/2023\/08\/CARTEL-FIESTA-DE-LOS-MAYORES-2023-213x300.jpg 213w, https:\/\/www.artenara.es\/portal-ciudadano\/wp-content\/uploads\/2023\/08\/CARTEL-FIESTA-DE-LOS-MAYORES-2023-768x1083.jpg 768w, https:\/\/www.artenara.es\/portal-ciudadano\/wp-content\/uploads\/2023\/08\/CARTEL-FIESTA-DE-LOS-MAYORES-2023-1090x1536.jpg 1090w, https:\/\/www.artenara.es\/portal-ciudadano\/wp-content\/uploads\/2023\/08\/CARTEL-FIESTA-DE-LOS-MAYORES-2023-418x589.jpg 418w, https:\/\/www.artenara.es\/portal-ciudadano\/wp-content\/uploads\/2023\/08\/CARTEL-FIESTA-DE-LOS-MAYORES-2023.jpg 1240w\" sizes=\"(max-width: 726px) 100vw, 726px\" \/><\/figure>\n\n\n\n<p>Con motivo de las Fiestas de La Cuevita 2023, los\/as Mayores de nuestro Municipio de Artenara, tendr\u00e1n un a\u00f1o m\u00e1s Su Fiesta de la Tercera Edad.<br>\ud83d\udcc6 S\u00e1bado 12 de Agosto.<br>\ud83d\udccd Almac\u00e9n Municipal.<br>\u23f1 20:00 horas.<br>Quedan invitados\/as todos\/as los\/as Pensionistas y Mayores de 65 a\u00f1os.<\/p>\n","protected":false},"excerpt":{"rendered":"<p>Con motivo de las Fiestas de La Cuevita 2023, los\/as Mayores de nuestro Municipio de Artenara, tendr\u00e1n un a\u00f1o m\u00e1s Su Fiesta de la Tercera Edad.\ud83d\udcc6 S\u00e1bado 12 de Agosto.\ud83d\udccd Almac\u00e9n Municipal.\u23f1 20:00 horas.Quedan invitados\/as todos\/as los\/as Pensionistas y Mayores de 65 a\u00f1os.<\/p>\n","protected":false},"author":4,"featured_media":12497,"comment_status":"closed","ping_status":"closed","sticky":false,"template":"","format":"standard","meta":[],"categories":[2,3],"tags":[54,521,505],"_links":{"self":[{"href":"https:\/\/www.artenara.es\/portal-ciudadano\/wp-json\/wp\/v2\/posts\/12495"}],"collection":[{"href":"https:\/\/www.artenara.es\/portal-ciudadano\/wp-json\/wp\/v2\/posts"}],"about":[{"href":"https:\/\/www.artenara.es\/portal-ciudadano\/wp-json\/wp\/v2\/types\/post"}],"author":[{"embeddable":true,"href":"https:\/\/www.artenara.es\/portal-ciudadano\/wp-json\/wp\/v2\/users\/4"}],"replies":[{"embeddable":true,"href":"https:\/\/www.artenara.es\/portal-ciudadano\/wp-json\/wp\/v2\/comments?post=12495"}],"version-history":[{"count":1,"href":"https:\/\/www.artenara.es\/portal-ciudadano\/wp-json\/wp\/v2\/posts\/12495\/revisions"}],"predecessor-version":[{"id":12498,"href":"https:\/\/www.artenara.es\/portal-ciudadano\/wp-json\/wp\/v2\/posts\/12495\/revisions\/12498"}],"wp:featuredmedia":[{"embeddable":true,"href":"https:\/\/www.artenara.es\/portal-ciudadano\/wp-json\/wp\/v2\/media\/12497"}],"wp:attachment":[{"href":"https:\/\/www.artenara.es\/portal-ciudadano\/wp-json\/wp\/v2\/media?parent=12495"}],"wp:term":[{"taxonomy":"category","embeddable":true,"href":"https:\/\/www.artenara.es\/portal-ciudadano\/wp-json\/wp\/v2\/categories?post=12495"},{"taxonomy":"post_tag","embeddable":true,"href":"https:\/\/www.artenara.es\/portal-ciudadano\/wp-json\/wp\/v2\/tags?post=12495"}],"curies":[{"name":"wp","href":"https:\/\/api.w.org\/{rel}","templated":true}]}}