{"id":12499,"date":"2023-08-03T09:16:27","date_gmt":"2023-08-03T09:16:27","guid":{"rendered":"https:\/\/artenara.es\/portal-ciudadano\/?p=12499"},"modified":"2023-08-03T09:16:27","modified_gmt":"2023-08-03T09:16:27","slug":"hermanamiento-con-el-pueblo-de-juncalillo","status":"publish","type":"post","link":"https:\/\/www.artenara.es\/portal-ciudadano\/eventos\/hermanamiento-con-el-pueblo-de-juncalillo\/","title":{"rendered":"Hermanamiento con el Pueblo de Juncalillo."},"content":{"rendered":"\n<p>Aqu\u00ed les dejamos unas im\u00e1genes del Hermanamiento con el pueblo vecino de Juncalillo en el mirador de la Crucita,  el pasado s\u00e1bado 29 de Julio.<\/p>\n\n\n\n<figure class=\"wp-block-image size-large\"><img loading=\"lazy\" width=\"860\" height=\"1024\" src=\"https:\/\/artenara.es\/portal-ciudadano\/wp-content\/uploads\/2023\/08\/Juncalillo-860x1024.jpeg\" alt=\"\" class=\"wp-image-12500\" srcset=\"https:\/\/www.artenara.es\/portal-ciudadano\/wp-content\/uploads\/2023\/08\/Juncalillo-860x1024.jpeg 860w, https:\/\/www.artenara.es\/portal-ciudadano\/wp-content\/uploads\/2023\/08\/Juncalillo-252x300.jpeg 252w, https:\/\/www.artenara.es\/portal-ciudadano\/wp-content\/uploads\/2023\/08\/Juncalillo-768x914.jpeg 768w, https:\/\/www.artenara.es\/portal-ciudadano\/wp-content\/uploads\/2023\/08\/Juncalillo-1290x1536.jpeg 1290w, https:\/\/www.artenara.es\/portal-ciudadano\/wp-content\/uploads\/2023\/08\/Juncalillo-418x498.jpeg 418w, https:\/\/www.artenara.es\/portal-ciudadano\/wp-content\/uploads\/2023\/08\/Juncalillo.jpeg 1344w\" sizes=\"(max-width: 860px) 100vw, 860px\" \/><\/figure>\n","protected":false},"excerpt":{"rendered":"<p>Aqu\u00ed les dejamos unas im\u00e1genes del Hermanamiento con el pueblo vecino de Juncalillo en el mirador de la Crucita, el pasado s\u00e1bado 29 de Julio.<\/p>\n","protected":false},"author":4,"featured_media":12470,"comment_status":"closed","ping_status":"closed","sticky":false,"template":"","format":"standard","meta":[],"categories":[6,2,3],"tags":[54,522],"_links":{"self":[{"href":"https:\/\/www.artenara.es\/portal-ciudadano\/wp-json\/wp\/v2\/posts\/12499"}],"collection":[{"href":"https:\/\/www.artenara.es\/portal-ciudadano\/wp-json\/wp\/v2\/posts"}],"about":[{"href":"https:\/\/www.artenara.es\/portal-ciudadano\/wp-json\/wp\/v2\/types\/post"}],"author":[{"embeddable":true,"href":"https:\/\/www.artenara.es\/portal-ciudadano\/wp-json\/wp\/v2\/users\/4"}],"replies":[{"embeddable":true,"href":"https:\/\/www.artenara.es\/portal-ciudadano\/wp-json\/wp\/v2\/comments?post=12499"}],"version-history":[{"count":1,"href":"https:\/\/www.artenara.es\/portal-ciudadano\/wp-json\/wp\/v2\/posts\/12499\/revisions"}],"predecessor-version":[{"id":12501,"href":"https:\/\/www.artenara.es\/portal-ciudadano\/wp-json\/wp\/v2\/posts\/12499\/revisions\/12501"}],"wp:featuredmedia":[{"embeddable":true,"href":"https:\/\/www.artenara.es\/portal-ciudadano\/wp-json\/wp\/v2\/media\/12470"}],"wp:attachment":[{"href":"https:\/\/www.artenara.es\/portal-ciudadano\/wp-json\/wp\/v2\/media?parent=12499"}],"wp:term":[{"taxonomy":"category","embeddable":true,"href":"https:\/\/www.artenara.es\/portal-ciudadano\/wp-json\/wp\/v2\/categories?post=12499"},{"taxonomy":"post_tag","embeddable":true,"href":"https:\/\/www.artenara.es\/portal-ciudadano\/wp-json\/wp\/v2\/tags?post=12499"}],"curies":[{"name":"wp","href":"https:\/\/api.w.org\/{rel}","templated":true}]}}