{"id":12689,"date":"2023-08-21T10:11:35","date_gmt":"2023-08-21T10:11:35","guid":{"rendered":"https:\/\/artenara.es\/portal-ciudadano\/?p=12689"},"modified":"2023-08-21T10:11:35","modified_gmt":"2023-08-21T10:11:35","slug":"condolencias","status":"publish","type":"post","link":"https:\/\/www.artenara.es\/portal-ciudadano\/social\/condolencias\/","title":{"rendered":"Condolencias."},"content":{"rendered":"\n<p>Desde el Ayuntamiento de Artenara expresamos nuestras condolencias a la familia de la concejala del Ayuntamiento de Arucas, Davinia Torres Padr\u00f3n.<\/p>\n\n\n\n<p>En estos momentos de dolor y de incredulidad a\u00fan por este fatal desenlace, sabemos que no hay palabras de consuelo, pero s\u00ed queremos mostrar todo nuestro apoyo y solidaridad a la familia y allegados.<\/p>\n\n\n\n<p>Descanse en paz.<\/p>\n","protected":false},"excerpt":{"rendered":"<p>Desde el Ayuntamiento de Artenara expresamos nuestras condolencias a la familia de la concejala del Ayuntamiento de Arucas, Davinia Torres Padr\u00f3n. En estos momentos de dolor y de incredulidad a\u00fan por este fatal desenlace, sabemos que no hay palabras de consuelo, pero s\u00ed queremos mostrar todo nuestro apoyo y solidaridad a la familia y allegados. &hellip;<\/p>\n","protected":false},"author":4,"featured_media":0,"comment_status":"closed","ping_status":"closed","sticky":false,"template":"","format":"standard","meta":[],"categories":[6,451,5,3],"tags":[],"_links":{"self":[{"href":"https:\/\/www.artenara.es\/portal-ciudadano\/wp-json\/wp\/v2\/posts\/12689"}],"collection":[{"href":"https:\/\/www.artenara.es\/portal-ciudadano\/wp-json\/wp\/v2\/posts"}],"about":[{"href":"https:\/\/www.artenara.es\/portal-ciudadano\/wp-json\/wp\/v2\/types\/post"}],"author":[{"embeddable":true,"href":"https:\/\/www.artenara.es\/portal-ciudadano\/wp-json\/wp\/v2\/users\/4"}],"replies":[{"embeddable":true,"href":"https:\/\/www.artenara.es\/portal-ciudadano\/wp-json\/wp\/v2\/comments?post=12689"}],"version-history":[{"count":1,"href":"https:\/\/www.artenara.es\/portal-ciudadano\/wp-json\/wp\/v2\/posts\/12689\/revisions"}],"predecessor-version":[{"id":12690,"href":"https:\/\/www.artenara.es\/portal-ciudadano\/wp-json\/wp\/v2\/posts\/12689\/revisions\/12690"}],"wp:attachment":[{"href":"https:\/\/www.artenara.es\/portal-ciudadano\/wp-json\/wp\/v2\/media?parent=12689"}],"wp:term":[{"taxonomy":"category","embeddable":true,"href":"https:\/\/www.artenara.es\/portal-ciudadano\/wp-json\/wp\/v2\/categories?post=12689"},{"taxonomy":"post_tag","embeddable":true,"href":"https:\/\/www.artenara.es\/portal-ciudadano\/wp-json\/wp\/v2\/tags?post=12689"}],"curies":[{"name":"wp","href":"https:\/\/api.w.org\/{rel}","templated":true}]}}