{"id":12695,"date":"2023-08-22T11:35:07","date_gmt":"2023-08-22T11:35:07","guid":{"rendered":"https:\/\/artenara.es\/portal-ciudadano\/?p=12695"},"modified":"2023-08-22T11:35:08","modified_gmt":"2023-08-22T11:35:08","slug":"cierre-de-piscina-sabado-26-y-domingo-27-apertura-lunes-28","status":"publish","type":"post","link":"https:\/\/www.artenara.es\/portal-ciudadano\/social\/cierre-de-piscina-sabado-26-y-domingo-27-apertura-lunes-28\/","title":{"rendered":"Cierre de Piscina:              S\u00e1bado 26 y Domingo 27. Apertura: Lunes 28."},"content":{"rendered":"\n<p><\/p>\n\n\n\n<p><strong>SE INFORMA<img loading=\"lazy\" height=\"16\" width=\"16\" alt=\"\ud83d\udce3\" src=\"https:\/\/static.xx.fbcdn.net\/images\/emoji.php\/v9\/tba\/1\/16\/1f4e3.png\"><\/strong><\/p>\n\n\n\n<p> Este fin de semana (S\u00e1bado 26 y Domingo 27 de Agosto), la Piscina Municipal permanecer\u00e1 CERRADA.<\/p>\n\n\n\n<p>El Lunes 28 de Agosto abrir\u00e1.<\/p>\n\n\n\n<p>\u00a1Disculpen las molestias!<\/p>\n\n\n\n<figure class=\"wp-block-image size-large\"><img loading=\"lazy\" width=\"1024\" height=\"1024\" src=\"https:\/\/artenara.es\/portal-ciudadano\/wp-content\/uploads\/2023\/08\/Copia-de-Post-Instagram-verano-veraniego-bienvenido-azul-1024x1024.jpg\" alt=\"\" class=\"wp-image-12696\" srcset=\"https:\/\/www.artenara.es\/portal-ciudadano\/wp-content\/uploads\/2023\/08\/Copia-de-Post-Instagram-verano-veraniego-bienvenido-azul-1024x1024.jpg 1024w, https:\/\/www.artenara.es\/portal-ciudadano\/wp-content\/uploads\/2023\/08\/Copia-de-Post-Instagram-verano-veraniego-bienvenido-azul-300x300.jpg 300w, https:\/\/www.artenara.es\/portal-ciudadano\/wp-content\/uploads\/2023\/08\/Copia-de-Post-Instagram-verano-veraniego-bienvenido-azul-768x768.jpg 768w, https:\/\/www.artenara.es\/portal-ciudadano\/wp-content\/uploads\/2023\/08\/Copia-de-Post-Instagram-verano-veraniego-bienvenido-azul-150x150.jpg 150w, https:\/\/www.artenara.es\/portal-ciudadano\/wp-content\/uploads\/2023\/08\/Copia-de-Post-Instagram-verano-veraniego-bienvenido-azul-270x270.jpg 270w, https:\/\/www.artenara.es\/portal-ciudadano\/wp-content\/uploads\/2023\/08\/Copia-de-Post-Instagram-verano-veraniego-bienvenido-azul-400x400.jpg 400w, https:\/\/www.artenara.es\/portal-ciudadano\/wp-content\/uploads\/2023\/08\/Copia-de-Post-Instagram-verano-veraniego-bienvenido-azul-418x418.jpg 418w, https:\/\/www.artenara.es\/portal-ciudadano\/wp-content\/uploads\/2023\/08\/Copia-de-Post-Instagram-verano-veraniego-bienvenido-azul-512x512.jpg 512w, https:\/\/www.artenara.es\/portal-ciudadano\/wp-content\/uploads\/2023\/08\/Copia-de-Post-Instagram-verano-veraniego-bienvenido-azul.jpg 1080w\" sizes=\"(max-width: 1024px) 100vw, 1024px\" \/><\/figure>\n","protected":false},"excerpt":{"rendered":"<p>SE INFORMA Este fin de semana (S\u00e1bado 26 y Domingo 27 de Agosto), la Piscina Municipal permanecer\u00e1 CERRADA. El Lunes 28 de Agosto abrir\u00e1. \u00a1Disculpen las molestias!<\/p>\n","protected":false},"author":4,"featured_media":12696,"comment_status":"closed","ping_status":"closed","sticky":false,"template":"","format":"standard","meta":[],"categories":[4,5,3],"tags":[54,296],"_links":{"self":[{"href":"https:\/\/www.artenara.es\/portal-ciudadano\/wp-json\/wp\/v2\/posts\/12695"}],"collection":[{"href":"https:\/\/www.artenara.es\/portal-ciudadano\/wp-json\/wp\/v2\/posts"}],"about":[{"href":"https:\/\/www.artenara.es\/portal-ciudadano\/wp-json\/wp\/v2\/types\/post"}],"author":[{"embeddable":true,"href":"https:\/\/www.artenara.es\/portal-ciudadano\/wp-json\/wp\/v2\/users\/4"}],"replies":[{"embeddable":true,"href":"https:\/\/www.artenara.es\/portal-ciudadano\/wp-json\/wp\/v2\/comments?post=12695"}],"version-history":[{"count":1,"href":"https:\/\/www.artenara.es\/portal-ciudadano\/wp-json\/wp\/v2\/posts\/12695\/revisions"}],"predecessor-version":[{"id":12697,"href":"https:\/\/www.artenara.es\/portal-ciudadano\/wp-json\/wp\/v2\/posts\/12695\/revisions\/12697"}],"wp:featuredmedia":[{"embeddable":true,"href":"https:\/\/www.artenara.es\/portal-ciudadano\/wp-json\/wp\/v2\/media\/12696"}],"wp:attachment":[{"href":"https:\/\/www.artenara.es\/portal-ciudadano\/wp-json\/wp\/v2\/media?parent=12695"}],"wp:term":[{"taxonomy":"category","embeddable":true,"href":"https:\/\/www.artenara.es\/portal-ciudadano\/wp-json\/wp\/v2\/categories?post=12695"},{"taxonomy":"post_tag","embeddable":true,"href":"https:\/\/www.artenara.es\/portal-ciudadano\/wp-json\/wp\/v2\/tags?post=12695"}],"curies":[{"name":"wp","href":"https:\/\/api.w.org\/{rel}","templated":true}]}}