{"id":12698,"date":"2023-08-23T10:43:46","date_gmt":"2023-08-23T10:43:46","guid":{"rendered":"https:\/\/artenara.es\/portal-ciudadano\/?p=12698"},"modified":"2023-08-23T10:43:46","modified_gmt":"2023-08-23T10:43:46","slug":"la-cuevita-2023","status":"publish","type":"post","link":"https:\/\/www.artenara.es\/portal-ciudadano\/social\/la-cuevita-2023\/","title":{"rendered":"La Cuevita 2023."},"content":{"rendered":"\n<p>Les dejamos unas im\u00e1genes del XVII Concuro de reposter\u00eda, la Presentaci\u00f3n del Libro Irina y Gara y el Concierto de Jos\u00e9 Antonio Ramos.<\/p>\n\n\n\n<p><strong>Concurso de Reposter\u00eda.<\/strong><\/p>\n\n\n\n<figure class=\"wp-block-image size-large\"><img loading=\"lazy\" width=\"1024\" height=\"768\" src=\"https:\/\/artenara.es\/portal-ciudadano\/wp-content\/uploads\/2023\/08\/20230822_171602-1024x768.jpg\" alt=\"\" class=\"wp-image-12699\" srcset=\"https:\/\/www.artenara.es\/portal-ciudadano\/wp-content\/uploads\/2023\/08\/20230822_171602-1024x768.jpg 1024w, https:\/\/www.artenara.es\/portal-ciudadano\/wp-content\/uploads\/2023\/08\/20230822_171602-300x225.jpg 300w, https:\/\/www.artenara.es\/portal-ciudadano\/wp-content\/uploads\/2023\/08\/20230822_171602-295x222.jpg 295w, https:\/\/www.artenara.es\/portal-ciudadano\/wp-content\/uploads\/2023\/08\/20230822_171602-768x576.jpg 768w, https:\/\/www.artenara.es\/portal-ciudadano\/wp-content\/uploads\/2023\/08\/20230822_171602-1536x1152.jpg 1536w, https:\/\/www.artenara.es\/portal-ciudadano\/wp-content\/uploads\/2023\/08\/20230822_171602-418x314.jpg 418w, https:\/\/www.artenara.es\/portal-ciudadano\/wp-content\/uploads\/2023\/08\/20230822_171602-1200x900.jpg 1200w, https:\/\/www.artenara.es\/portal-ciudadano\/wp-content\/uploads\/2023\/08\/20230822_171602.jpg 2040w\" sizes=\"(max-width: 1024px) 100vw, 1024px\" \/><\/figure>\n\n\n\n<figure class=\"wp-block-image size-large\"><img loading=\"lazy\" width=\"1024\" height=\"768\" src=\"https:\/\/artenara.es\/portal-ciudadano\/wp-content\/uploads\/2023\/08\/Tercer-premio-1024x768.jpg\" alt=\"\" class=\"wp-image-12700\" srcset=\"https:\/\/www.artenara.es\/portal-ciudadano\/wp-content\/uploads\/2023\/08\/Tercer-premio-1024x768.jpg 1024w, https:\/\/www.artenara.es\/portal-ciudadano\/wp-content\/uploads\/2023\/08\/Tercer-premio-300x225.jpg 300w, https:\/\/www.artenara.es\/portal-ciudadano\/wp-content\/uploads\/2023\/08\/Tercer-premio-295x222.jpg 295w, https:\/\/www.artenara.es\/portal-ciudadano\/wp-content\/uploads\/2023\/08\/Tercer-premio-768x576.jpg 768w, https:\/\/www.artenara.es\/portal-ciudadano\/wp-content\/uploads\/2023\/08\/Tercer-premio-1536x1152.jpg 1536w, https:\/\/www.artenara.es\/portal-ciudadano\/wp-content\/uploads\/2023\/08\/Tercer-premio-418x314.jpg 418w, https:\/\/www.artenara.es\/portal-ciudadano\/wp-content\/uploads\/2023\/08\/Tercer-premio-1200x900.jpg 1200w, https:\/\/www.artenara.es\/portal-ciudadano\/wp-content\/uploads\/2023\/08\/Tercer-premio.jpg 1600w\" sizes=\"(max-width: 1024px) 100vw, 1024px\" \/><\/figure>\n\n\n\n<figure class=\"wp-block-image size-large\"><img loading=\"lazy\" width=\"768\" height=\"1024\" src=\"https:\/\/artenara.es\/portal-ciudadano\/wp-content\/uploads\/2023\/08\/Postre-7-768x1024.jpg\" alt=\"\" class=\"wp-image-12701\" srcset=\"https:\/\/www.artenara.es\/portal-ciudadano\/wp-content\/uploads\/2023\/08\/Postre-7-768x1024.jpg 768w, https:\/\/www.artenara.es\/portal-ciudadano\/wp-content\/uploads\/2023\/08\/Postre-7-225x300.jpg 225w, https:\/\/www.artenara.es\/portal-ciudadano\/wp-content\/uploads\/2023\/08\/Postre-7-1152x1536.jpg 1152w, https:\/\/www.artenara.es\/portal-ciudadano\/wp-content\/uploads\/2023\/08\/Postre-7-418x557.jpg 418w, https:\/\/www.artenara.es\/portal-ciudadano\/wp-content\/uploads\/2023\/08\/Postre-7-89x120.jpg 89w, https:\/\/www.artenara.es\/portal-ciudadano\/wp-content\/uploads\/2023\/08\/Postre-7-141x188.jpg 141w, https:\/\/www.artenara.es\/portal-ciudadano\/wp-content\/uploads\/2023\/08\/Postre-7-rotated.jpg 1530w\" sizes=\"(max-width: 768px) 100vw, 768px\" \/><\/figure>\n\n\n\n<figure class=\"wp-block-image size-large\"><img loading=\"lazy\" width=\"1024\" height=\"768\" src=\"https:\/\/artenara.es\/portal-ciudadano\/wp-content\/uploads\/2023\/08\/Segundo-premio-1024x768.jpg\" alt=\"\" class=\"wp-image-12702\" srcset=\"https:\/\/www.artenara.es\/portal-ciudadano\/wp-content\/uploads\/2023\/08\/Segundo-premio-1024x768.jpg 1024w, https:\/\/www.artenara.es\/portal-ciudadano\/wp-content\/uploads\/2023\/08\/Segundo-premio-300x225.jpg 300w, https:\/\/www.artenara.es\/portal-ciudadano\/wp-content\/uploads\/2023\/08\/Segundo-premio-295x222.jpg 295w, https:\/\/www.artenara.es\/portal-ciudadano\/wp-content\/uploads\/2023\/08\/Segundo-premio-768x576.jpg 768w, https:\/\/www.artenara.es\/portal-ciudadano\/wp-content\/uploads\/2023\/08\/Segundo-premio-1536x1152.jpg 1536w, https:\/\/www.artenara.es\/portal-ciudadano\/wp-content\/uploads\/2023\/08\/Segundo-premio-418x314.jpg 418w, https:\/\/www.artenara.es\/portal-ciudadano\/wp-content\/uploads\/2023\/08\/Segundo-premio-1200x900.jpg 1200w, https:\/\/www.artenara.es\/portal-ciudadano\/wp-content\/uploads\/2023\/08\/Segundo-premio.jpg 1600w\" sizes=\"(max-width: 1024px) 100vw, 1024px\" \/><\/figure>\n\n\n\n<figure class=\"wp-block-image size-large\"><img loading=\"lazy\" width=\"768\" height=\"1024\" src=\"https:\/\/artenara.es\/portal-ciudadano\/wp-content\/uploads\/2023\/08\/Postre-11-768x1024.jpg\" alt=\"\" class=\"wp-image-12703\" srcset=\"https:\/\/www.artenara.es\/portal-ciudadano\/wp-content\/uploads\/2023\/08\/Postre-11-768x1024.jpg 768w, https:\/\/www.artenara.es\/portal-ciudadano\/wp-content\/uploads\/2023\/08\/Postre-11-225x300.jpg 225w, https:\/\/www.artenara.es\/portal-ciudadano\/wp-content\/uploads\/2023\/08\/Postre-11-1152x1536.jpg 1152w, https:\/\/www.artenara.es\/portal-ciudadano\/wp-content\/uploads\/2023\/08\/Postre-11-418x557.jpg 418w, https:\/\/www.artenara.es\/portal-ciudadano\/wp-content\/uploads\/2023\/08\/Postre-11-89x120.jpg 89w, https:\/\/www.artenara.es\/portal-ciudadano\/wp-content\/uploads\/2023\/08\/Postre-11-141x188.jpg 141w, https:\/\/www.artenara.es\/portal-ciudadano\/wp-content\/uploads\/2023\/08\/Postre-11-rotated.jpg 1530w\" sizes=\"(max-width: 768px) 100vw, 768px\" \/><\/figure>\n\n\n\n<figure class=\"wp-block-image size-large\"><img loading=\"lazy\" width=\"1024\" height=\"768\" src=\"https:\/\/artenara.es\/portal-ciudadano\/wp-content\/uploads\/2023\/08\/Primer-premio-1024x768.jpg\" alt=\"\" class=\"wp-image-12704\" srcset=\"https:\/\/www.artenara.es\/portal-ciudadano\/wp-content\/uploads\/2023\/08\/Primer-premio-1024x768.jpg 1024w, https:\/\/www.artenara.es\/portal-ciudadano\/wp-content\/uploads\/2023\/08\/Primer-premio-300x225.jpg 300w, https:\/\/www.artenara.es\/portal-ciudadano\/wp-content\/uploads\/2023\/08\/Primer-premio-295x222.jpg 295w, https:\/\/www.artenara.es\/portal-ciudadano\/wp-content\/uploads\/2023\/08\/Primer-premio-768x576.jpg 768w, https:\/\/www.artenara.es\/portal-ciudadano\/wp-content\/uploads\/2023\/08\/Primer-premio-1536x1152.jpg 1536w, https:\/\/www.artenara.es\/portal-ciudadano\/wp-content\/uploads\/2023\/08\/Primer-premio-418x314.jpg 418w, https:\/\/www.artenara.es\/portal-ciudadano\/wp-content\/uploads\/2023\/08\/Primer-premio-1200x900.jpg 1200w, https:\/\/www.artenara.es\/portal-ciudadano\/wp-content\/uploads\/2023\/08\/Primer-premio.jpg 1600w\" sizes=\"(max-width: 1024px) 100vw, 1024px\" \/><\/figure>\n\n\n\n<figure class=\"wp-block-image size-large\"><img loading=\"lazy\" width=\"768\" height=\"1024\" src=\"https:\/\/artenara.es\/portal-ciudadano\/wp-content\/uploads\/2023\/08\/POstre-10-768x1024.jpg\" alt=\"\" class=\"wp-image-12705\" srcset=\"https:\/\/www.artenara.es\/portal-ciudadano\/wp-content\/uploads\/2023\/08\/POstre-10-768x1024.jpg 768w, https:\/\/www.artenara.es\/portal-ciudadano\/wp-content\/uploads\/2023\/08\/POstre-10-225x300.jpg 225w, https:\/\/www.artenara.es\/portal-ciudadano\/wp-content\/uploads\/2023\/08\/POstre-10-1152x1536.jpg 1152w, https:\/\/www.artenara.es\/portal-ciudadano\/wp-content\/uploads\/2023\/08\/POstre-10-418x557.jpg 418w, https:\/\/www.artenara.es\/portal-ciudadano\/wp-content\/uploads\/2023\/08\/POstre-10-89x120.jpg 89w, https:\/\/www.artenara.es\/portal-ciudadano\/wp-content\/uploads\/2023\/08\/POstre-10-141x188.jpg 141w, https:\/\/www.artenara.es\/portal-ciudadano\/wp-content\/uploads\/2023\/08\/POstre-10-rotated.jpg 1530w\" sizes=\"(max-width: 768px) 100vw, 768px\" \/><\/figure>\n\n\n\n<p><strong>Presentaci\u00f3n del Libro Irina y Gara<\/strong>.<\/p>\n\n\n\n<figure class=\"wp-block-image size-large\"><img loading=\"lazy\" width=\"1024\" height=\"683\" src=\"https:\/\/artenara.es\/portal-ciudadano\/wp-content\/uploads\/2023\/08\/presentacion-libro-Irina-y-Gara-2-1024x683.jpg\" alt=\"\" class=\"wp-image-12706\" srcset=\"https:\/\/www.artenara.es\/portal-ciudadano\/wp-content\/uploads\/2023\/08\/presentacion-libro-Irina-y-Gara-2-1024x683.jpg 1024w, https:\/\/www.artenara.es\/portal-ciudadano\/wp-content\/uploads\/2023\/08\/presentacion-libro-Irina-y-Gara-2-300x200.jpg 300w, https:\/\/www.artenara.es\/portal-ciudadano\/wp-content\/uploads\/2023\/08\/presentacion-libro-Irina-y-Gara-2-768x512.jpg 768w, https:\/\/www.artenara.es\/portal-ciudadano\/wp-content\/uploads\/2023\/08\/presentacion-libro-Irina-y-Gara-2-1536x1024.jpg 1536w, https:\/\/www.artenara.es\/portal-ciudadano\/wp-content\/uploads\/2023\/08\/presentacion-libro-Irina-y-Gara-2-2048x1365.jpg 2048w, https:\/\/www.artenara.es\/portal-ciudadano\/wp-content\/uploads\/2023\/08\/presentacion-libro-Irina-y-Gara-2-418x279.jpg 418w\" sizes=\"(max-width: 1024px) 100vw, 1024px\" \/><\/figure>\n\n\n\n<figure class=\"wp-block-image size-large\"><img loading=\"lazy\" width=\"1024\" height=\"683\" src=\"https:\/\/artenara.es\/portal-ciudadano\/wp-content\/uploads\/2023\/08\/presentacion-libro-Irina-y-Gara-3-1024x683.jpg\" alt=\"\" class=\"wp-image-12707\" srcset=\"https:\/\/www.artenara.es\/portal-ciudadano\/wp-content\/uploads\/2023\/08\/presentacion-libro-Irina-y-Gara-3-1024x683.jpg 1024w, https:\/\/www.artenara.es\/portal-ciudadano\/wp-content\/uploads\/2023\/08\/presentacion-libro-Irina-y-Gara-3-300x200.jpg 300w, https:\/\/www.artenara.es\/portal-ciudadano\/wp-content\/uploads\/2023\/08\/presentacion-libro-Irina-y-Gara-3-768x512.jpg 768w, https:\/\/www.artenara.es\/portal-ciudadano\/wp-content\/uploads\/2023\/08\/presentacion-libro-Irina-y-Gara-3-1536x1024.jpg 1536w, https:\/\/www.artenara.es\/portal-ciudadano\/wp-content\/uploads\/2023\/08\/presentacion-libro-Irina-y-Gara-3-2048x1365.jpg 2048w, https:\/\/www.artenara.es\/portal-ciudadano\/wp-content\/uploads\/2023\/08\/presentacion-libro-Irina-y-Gara-3-418x279.jpg 418w\" sizes=\"(max-width: 1024px) 100vw, 1024px\" \/><\/figure>\n\n\n\n<p><strong>Concierto de Jos\u00e9 Antonio Ramos.<\/strong><\/p>\n\n\n\n<figure class=\"wp-block-image size-large\"><img loading=\"lazy\" width=\"1024\" height=\"683\" src=\"https:\/\/artenara.es\/portal-ciudadano\/wp-content\/uploads\/2023\/08\/concierto-una-noche-en-Artenara-1-1024x683.jpg\" alt=\"\" class=\"wp-image-12708\" srcset=\"https:\/\/www.artenara.es\/portal-ciudadano\/wp-content\/uploads\/2023\/08\/concierto-una-noche-en-Artenara-1-1024x683.jpg 1024w, https:\/\/www.artenara.es\/portal-ciudadano\/wp-content\/uploads\/2023\/08\/concierto-una-noche-en-Artenara-1-300x200.jpg 300w, https:\/\/www.artenara.es\/portal-ciudadano\/wp-content\/uploads\/2023\/08\/concierto-una-noche-en-Artenara-1-768x512.jpg 768w, https:\/\/www.artenara.es\/portal-ciudadano\/wp-content\/uploads\/2023\/08\/concierto-una-noche-en-Artenara-1-1536x1024.jpg 1536w, https:\/\/www.artenara.es\/portal-ciudadano\/wp-content\/uploads\/2023\/08\/concierto-una-noche-en-Artenara-1-2048x1365.jpg 2048w, https:\/\/www.artenara.es\/portal-ciudadano\/wp-content\/uploads\/2023\/08\/concierto-una-noche-en-Artenara-1-418x279.jpg 418w\" sizes=\"(max-width: 1024px) 100vw, 1024px\" \/><\/figure>\n\n\n\n<figure class=\"wp-block-image size-large\"><img loading=\"lazy\" width=\"1024\" height=\"683\" src=\"https:\/\/artenara.es\/portal-ciudadano\/wp-content\/uploads\/2023\/08\/concierto-una-noche-en-Artenara-2-1024x683.jpg\" alt=\"\" class=\"wp-image-12709\" srcset=\"https:\/\/www.artenara.es\/portal-ciudadano\/wp-content\/uploads\/2023\/08\/concierto-una-noche-en-Artenara-2-1024x683.jpg 1024w, https:\/\/www.artenara.es\/portal-ciudadano\/wp-content\/uploads\/2023\/08\/concierto-una-noche-en-Artenara-2-300x200.jpg 300w, https:\/\/www.artenara.es\/portal-ciudadano\/wp-content\/uploads\/2023\/08\/concierto-una-noche-en-Artenara-2-768x512.jpg 768w, https:\/\/www.artenara.es\/portal-ciudadano\/wp-content\/uploads\/2023\/08\/concierto-una-noche-en-Artenara-2-1536x1024.jpg 1536w, https:\/\/www.artenara.es\/portal-ciudadano\/wp-content\/uploads\/2023\/08\/concierto-una-noche-en-Artenara-2-2048x1365.jpg 2048w, https:\/\/www.artenara.es\/portal-ciudadano\/wp-content\/uploads\/2023\/08\/concierto-una-noche-en-Artenara-2-418x279.jpg 418w\" sizes=\"(max-width: 1024px) 100vw, 1024px\" \/><\/figure>\n\n\n\n<figure class=\"wp-block-image size-large\"><img loading=\"lazy\" width=\"1024\" height=\"683\" src=\"https:\/\/artenara.es\/portal-ciudadano\/wp-content\/uploads\/2023\/08\/concierto-una-noche-en-Artenara-3-1024x683.jpg\" alt=\"\" class=\"wp-image-12710\" srcset=\"https:\/\/www.artenara.es\/portal-ciudadano\/wp-content\/uploads\/2023\/08\/concierto-una-noche-en-Artenara-3-1024x683.jpg 1024w, https:\/\/www.artenara.es\/portal-ciudadano\/wp-content\/uploads\/2023\/08\/concierto-una-noche-en-Artenara-3-300x200.jpg 300w, https:\/\/www.artenara.es\/portal-ciudadano\/wp-content\/uploads\/2023\/08\/concierto-una-noche-en-Artenara-3-768x512.jpg 768w, https:\/\/www.artenara.es\/portal-ciudadano\/wp-content\/uploads\/2023\/08\/concierto-una-noche-en-Artenara-3-1536x1024.jpg 1536w, https:\/\/www.artenara.es\/portal-ciudadano\/wp-content\/uploads\/2023\/08\/concierto-una-noche-en-Artenara-3-2048x1365.jpg 2048w, https:\/\/www.artenara.es\/portal-ciudadano\/wp-content\/uploads\/2023\/08\/concierto-una-noche-en-Artenara-3-418x279.jpg 418w\" sizes=\"(max-width: 1024px) 100vw, 1024px\" \/><\/figure>\n","protected":false},"excerpt":{"rendered":"<p>Les dejamos unas im\u00e1genes del XVII Concuro de reposter\u00eda, la Presentaci\u00f3n del Libro Irina y Gara y el Concierto de Jos\u00e9 Antonio Ramos. Concurso de Reposter\u00eda. Presentaci\u00f3n del Libro Irina y Gara. Concierto de Jos\u00e9 Antonio Ramos.<\/p>\n","protected":false},"author":4,"featured_media":12540,"comment_status":"closed","ping_status":"closed","sticky":false,"template":"","format":"standard","meta":[],"categories":[6,451,3],"tags":[54,554],"_links":{"self":[{"href":"https:\/\/www.artenara.es\/portal-ciudadano\/wp-json\/wp\/v2\/posts\/12698"}],"collection":[{"href":"https:\/\/www.artenara.es\/portal-ciudadano\/wp-json\/wp\/v2\/posts"}],"about":[{"href":"https:\/\/www.artenara.es\/portal-ciudadano\/wp-json\/wp\/v2\/types\/post"}],"author":[{"embeddable":true,"href":"https:\/\/www.artenara.es\/portal-ciudadano\/wp-json\/wp\/v2\/users\/4"}],"replies":[{"embeddable":true,"href":"https:\/\/www.artenara.es\/portal-ciudadano\/wp-json\/wp\/v2\/comments?post=12698"}],"version-history":[{"count":1,"href":"https:\/\/www.artenara.es\/portal-ciudadano\/wp-json\/wp\/v2\/posts\/12698\/revisions"}],"predecessor-version":[{"id":12711,"href":"https:\/\/www.artenara.es\/portal-ciudadano\/wp-json\/wp\/v2\/posts\/12698\/revisions\/12711"}],"wp:featuredmedia":[{"embeddable":true,"href":"https:\/\/www.artenara.es\/portal-ciudadano\/wp-json\/wp\/v2\/media\/12540"}],"wp:attachment":[{"href":"https:\/\/www.artenara.es\/portal-ciudadano\/wp-json\/wp\/v2\/media?parent=12698"}],"wp:term":[{"taxonomy":"category","embeddable":true,"href":"https:\/\/www.artenara.es\/portal-ciudadano\/wp-json\/wp\/v2\/categories?post=12698"},{"taxonomy":"post_tag","embeddable":true,"href":"https:\/\/www.artenara.es\/portal-ciudadano\/wp-json\/wp\/v2\/tags?post=12698"}],"curies":[{"name":"wp","href":"https:\/\/api.w.org\/{rel}","templated":true}]}}