{"id":12962,"date":"2023-10-26T17:24:10","date_gmt":"2023-10-26T17:24:10","guid":{"rendered":"https:\/\/artenara.es\/portal-ciudadano\/?p=12962"},"modified":"2023-10-26T20:39:50","modified_gmt":"2023-10-26T20:39:50","slug":"celebramos-el-proximo-sabado-28-y-domingo-29-de-octubre-la-tercera-feria-de-las-tradiciones","status":"publish","type":"post","link":"https:\/\/www.artenara.es\/portal-ciudadano\/noticias\/celebramos-el-proximo-sabado-28-y-domingo-29-de-octubre-la-tercera-feria-de-las-tradiciones\/","title":{"rendered":"Celebramos el pr\u00f3ximo s\u00e1bado 28 y domingo 29 de octubre la tercera Feria de las Tradiciones"},"content":{"rendered":"\n<p>\u2022 <strong>La programaci\u00f3n incluye un amplio programa de talleres, actividades, actuaciones musicales <\/strong>y <strong>encuentros gastron\u00f3micos<\/strong>.<\/p>\n\n\n\n<p>Nuestro municipio celebra este s\u00e1bado 28 y domingo 29 de octubre, la tercera edici\u00f3n de su Feria de las Tradiciones, con un amplio programa de talleres, actividades, exposiciones, degustaciones gastron\u00f3micas y actuaciones musicales.&nbsp;<\/p>\n\n\n\n<p>La iniciativa del Ayuntamiento de Artenara cuenta con el apoyo del Cabildo de Gran Canaria a trav\u00e9s de la Consejer\u00eda de Desarrollo econ\u00f3mico, industria, comercio y artesan\u00eda y la Consejer\u00eda de Presidencia y Movilidad sostenible, con el programa La Cumbre Vive y con la colaboraci\u00f3n de la Asociaci\u00f3n empresarial de Artenara, Edarte. Tiene como objetivo promover las costumbres, cultura y oficios artesanos, as\u00ed como dinamizar el municipio de Artenara.&nbsp;<\/p>\n\n\n\n<p>Los vecinos de Artenara se preparan para hacer part\u00edcipes de la \"Tercera Feria de Las Tradiciones\" a los numerosos visitantes que se dar\u00e1n cita el pr\u00f3ximo 28 y 29 de Octubre para una de las ferias m\u00e1s visitadas y populares de Gran Canaria.&nbsp;<\/p>\n\n\n\n<div class=\"wp-block-image\"><figure class=\"aligncenter size-large\"><img loading=\"lazy\" width=\"1024\" height=\"1024\" src=\"https:\/\/artenara.es\/portal-ciudadano\/wp-content\/uploads\/2023\/10\/COPY-RRSS-1024x1024.jpg\" alt=\"\" class=\"wp-image-12902\" srcset=\"https:\/\/www.artenara.es\/portal-ciudadano\/wp-content\/uploads\/2023\/10\/COPY-RRSS-1024x1024.jpg 1024w, https:\/\/www.artenara.es\/portal-ciudadano\/wp-content\/uploads\/2023\/10\/COPY-RRSS-300x300.jpg 300w, https:\/\/www.artenara.es\/portal-ciudadano\/wp-content\/uploads\/2023\/10\/COPY-RRSS-768x768.jpg 768w, https:\/\/www.artenara.es\/portal-ciudadano\/wp-content\/uploads\/2023\/10\/COPY-RRSS-150x150.jpg 150w, https:\/\/www.artenara.es\/portal-ciudadano\/wp-content\/uploads\/2023\/10\/COPY-RRSS-270x270.jpg 270w, https:\/\/www.artenara.es\/portal-ciudadano\/wp-content\/uploads\/2023\/10\/COPY-RRSS-400x400.jpg 400w, https:\/\/www.artenara.es\/portal-ciudadano\/wp-content\/uploads\/2023\/10\/COPY-RRSS-418x418.jpg 418w, https:\/\/www.artenara.es\/portal-ciudadano\/wp-content\/uploads\/2023\/10\/COPY-RRSS-512x512.jpg 512w, https:\/\/www.artenara.es\/portal-ciudadano\/wp-content\/uploads\/2023\/10\/COPY-RRSS.jpg 1081w\" sizes=\"(max-width: 1024px) 100vw, 1024px\" \/><\/figure><\/div>\n\n\n\n<p>Durante los dos d\u00edas, podremos disfrutar de diferentes demostraciones y talleres tradicionales artesanales repartidos por el casco de Artenara; elaboraci\u00f3n del pan de papas, gofio, miel, partida de almendras, elaboraci\u00f3n de escobas, confecci\u00f3n de tejidos a ganchillo, taller de telares y loza de lugarejos.&nbsp;<\/p>\n\n\n\n<p>El s\u00e1bado 28 la feria tendr\u00e1 un horario de 10 a 19 horas, aunque ese d\u00eda tambi\u00e9n contar\u00e1 con algunas actividades nocturnas, como son un espect\u00e1culo a\u00e9reo de drones a partir de las 20 horas y una actuaci\u00f3n musical a las 20.30 h. El domingo 29 el horario de apertura de la feria ser\u00e1 de 10 a 16 horas.&nbsp;<\/p>\n\n\n\n<p>A lo largo de la celebraci\u00f3n de la feria se contar\u00e1 con un amplio programa de actividades con la m\u00fasica tradicional muy presente por medio de las Parrandas \u201cEl Botell\u00edn\u201d, \u201cAmigos de Tejeda\u201d y \u201cLa Polvajera\u201d creando un ambiente festivo en las calles del pueblo. En el escenario central de la Plaza de San Mat\u00edas ver\u00e1s pasar a grupos de la talla de \u201cAraguaney\u201d, \u201cLos Cantadores\u201d y como colof\u00f3n final la actuaci\u00f3n de Yeray Rodr\u00edguez (verseador). Adem\u00e1s se celebrar\u00e1 una Simult\u00e1nea verseadora - Taller creativo, en el que, a modo de partida simult\u00e1nea de ajedrez, el propio Yeray&nbsp;Rodr\u00edguez desarrollar\u00e1 simult\u00e1neas controversias con los participantes.&nbsp;<\/p>\n\n\n\n<div class=\"wp-block-image\"><figure class=\"aligncenter size-large\"><img loading=\"lazy\" width=\"724\" height=\"1024\" src=\"https:\/\/artenara.es\/portal-ciudadano\/wp-content\/uploads\/2023\/10\/PROGRAMA-FERIA-DE-LAS-TRADICIONEs-724x1024.jpg\" alt=\"\" class=\"wp-image-12941\" srcset=\"https:\/\/www.artenara.es\/portal-ciudadano\/wp-content\/uploads\/2023\/10\/PROGRAMA-FERIA-DE-LAS-TRADICIONEs-724x1024.jpg 724w, https:\/\/www.artenara.es\/portal-ciudadano\/wp-content\/uploads\/2023\/10\/PROGRAMA-FERIA-DE-LAS-TRADICIONEs-212x300.jpg 212w, https:\/\/www.artenara.es\/portal-ciudadano\/wp-content\/uploads\/2023\/10\/PROGRAMA-FERIA-DE-LAS-TRADICIONEs-764x1080.jpg 764w, https:\/\/www.artenara.es\/portal-ciudadano\/wp-content\/uploads\/2023\/10\/PROGRAMA-FERIA-DE-LAS-TRADICIONEs-768x1086.jpg 768w, https:\/\/www.artenara.es\/portal-ciudadano\/wp-content\/uploads\/2023\/10\/PROGRAMA-FERIA-DE-LAS-TRADICIONEs-1086x1536.jpg 1086w, https:\/\/www.artenara.es\/portal-ciudadano\/wp-content\/uploads\/2023\/10\/PROGRAMA-FERIA-DE-LAS-TRADICIONEs-418x591.jpg 418w, https:\/\/www.artenara.es\/portal-ciudadano\/wp-content\/uploads\/2023\/10\/PROGRAMA-FERIA-DE-LAS-TRADICIONEs.jpg 1241w\" sizes=\"(max-width: 724px) 100vw, 724px\" \/><\/figure><\/div>\n\n\n\n<p>Durante todo el fin de semana habr\u00e1 actividades dirigidas al entretenimiento de toda la familia as\u00ed como castillos hinchables, talleres infantiles, una amplia oferta gastron\u00f3mica reforzada con el asado popular de cochino de forma tradicional, visitas guiadas por el municipio y una muestra en vivo de diferentes animales que habitualmente sirven como ayuda en el \u00e1mbito de la agricultura y ganader\u00eda tradicionales.&nbsp;<\/p>\n\n\n\n<p>La concejal\u00eda de desarrollo local del Ayuntamiento de Artenara y la Asociaci\u00f3n de empresarios de Artenara, EDARTE, distribuir\u00e1n participaciones entre las personas que consuman en los diferentes puestos y comercios entre los que se sortear\u00e1 una serie de premios valorados en m\u00e1s de 600 euros con la aportaci\u00f3n de las empresas locales.&nbsp;<\/p>\n\n\n\n<p>Muchos oficios est\u00e1n ya casi perdidos, por lo que la feria permite mantener viva y promover la esencia de los oficios artesanos, nuestras se\u00f1as de identidad.\u00a0<\/p>\n","protected":false},"excerpt":{"rendered":"<p>Nuestro municipio celebra este s\u00e1bado 28 y domingo 29 de octubre, la tercera edici\u00f3n de su Feria de las Tradiciones, con un amplio programa de talleres, actividades, exposiciones, degustaciones gastron\u00f3micas y actuaciones musicales. <\/p>\n","protected":false},"author":4,"featured_media":12965,"comment_status":"closed","ping_status":"closed","sticky":false,"template":"","format":"standard","meta":[],"categories":[6,2,1],"tags":[569,88,568],"_links":{"self":[{"href":"https:\/\/www.artenara.es\/portal-ciudadano\/wp-json\/wp\/v2\/posts\/12962"}],"collection":[{"href":"https:\/\/www.artenara.es\/portal-ciudadano\/wp-json\/wp\/v2\/posts"}],"about":[{"href":"https:\/\/www.artenara.es\/portal-ciudadano\/wp-json\/wp\/v2\/types\/post"}],"author":[{"embeddable":true,"href":"https:\/\/www.artenara.es\/portal-ciudadano\/wp-json\/wp\/v2\/users\/4"}],"replies":[{"embeddable":true,"href":"https:\/\/www.artenara.es\/portal-ciudadano\/wp-json\/wp\/v2\/comments?post=12962"}],"version-history":[{"count":4,"href":"https:\/\/www.artenara.es\/portal-ciudadano\/wp-json\/wp\/v2\/posts\/12962\/revisions"}],"predecessor-version":[{"id":12969,"href":"https:\/\/www.artenara.es\/portal-ciudadano\/wp-json\/wp\/v2\/posts\/12962\/revisions\/12969"}],"wp:featuredmedia":[{"embeddable":true,"href":"https:\/\/www.artenara.es\/portal-ciudadano\/wp-json\/wp\/v2\/media\/12965"}],"wp:attachment":[{"href":"https:\/\/www.artenara.es\/portal-ciudadano\/wp-json\/wp\/v2\/media?parent=12962"}],"wp:term":[{"taxonomy":"category","embeddable":true,"href":"https:\/\/www.artenara.es\/portal-ciudadano\/wp-json\/wp\/v2\/categories?post=12962"},{"taxonomy":"post_tag","embeddable":true,"href":"https:\/\/www.artenara.es\/portal-ciudadano\/wp-json\/wp\/v2\/tags?post=12962"}],"curies":[{"name":"wp","href":"https:\/\/api.w.org\/{rel}","templated":true}]}}