{"id":13114,"date":"2023-11-27T09:09:52","date_gmt":"2023-11-27T09:09:52","guid":{"rendered":"https:\/\/artenara.es\/portal-ciudadano\/?p=13114"},"modified":"2023-11-27T09:09:53","modified_gmt":"2023-11-27T09:09:53","slug":"13114","status":"publish","type":"post","link":"https:\/\/www.artenara.es\/portal-ciudadano\/eventos\/13114\/","title":{"rendered":""},"content":{"rendered":"\n<p class=\"wp-block-paragraph\">El pasado S\u00e1bado, d\u00eda 25 de Noviembre tuvieron lugar diferentes actividades por el D\u00eda Internacional de la Eliminaci\u00f3n de la Violencia contra las Mujeres.<\/p>\n\n\n\n<p class=\"wp-block-paragraph\">Acto Institucional.<\/p>\n\n\n\n<figure class=\"wp-block-image size-large\"><img decoding=\"async\" src=\"https:\/\/artenara.es\/portal-ciudadano\/wp-content\/uploads\/2023\/11\/Acto-1-767x1024.jpeg\" alt=\"\" class=\"wp-image-13115\"\/><\/figure>\n\n\n\n<figure class=\"wp-block-image size-large\"><img decoding=\"async\" src=\"https:\/\/artenara.es\/portal-ciudadano\/wp-content\/uploads\/2023\/11\/Acto-3-1024x683.jpg\" alt=\"\" class=\"wp-image-13118\"\/><\/figure>\n\n\n\n<figure class=\"wp-block-image size-large\"><img decoding=\"async\" src=\"https:\/\/artenara.es\/portal-ciudadano\/wp-content\/uploads\/2023\/11\/Acto-1-1024x683.jpg\" alt=\"\" class=\"wp-image-13116\"\/><\/figure>\n\n\n\n<figure class=\"wp-block-image size-large\"><img decoding=\"async\" src=\"https:\/\/artenara.es\/portal-ciudadano\/wp-content\/uploads\/2023\/11\/Acto-2-1024x683.jpg\" alt=\"\" class=\"wp-image-13117\"\/><\/figure>\n\n\n\n<p class=\"wp-block-paragraph\">Cuenta Cuentos.<\/p>\n\n\n\n<figure class=\"wp-block-image size-large\"><img fetchpriority=\"high\" decoding=\"async\" width=\"1024\" height=\"682\" src=\"https:\/\/artenara.es\/portal-ciudadano\/wp-content\/uploads\/2023\/11\/Cuenta-Cuentos-1024x682.jpeg\" alt=\"\" class=\"wp-image-13119\" srcset=\"https:\/\/www.artenara.es\/portal-ciudadano\/wp-content\/uploads\/2023\/11\/Cuenta-Cuentos-1024x682.jpeg 1024w, https:\/\/www.artenara.es\/portal-ciudadano\/wp-content\/uploads\/2023\/11\/Cuenta-Cuentos-300x200.jpeg 300w, https:\/\/www.artenara.es\/portal-ciudadano\/wp-content\/uploads\/2023\/11\/Cuenta-Cuentos-768x512.jpeg 768w, https:\/\/www.artenara.es\/portal-ciudadano\/wp-content\/uploads\/2023\/11\/Cuenta-Cuentos-1536x1023.jpeg 1536w, https:\/\/www.artenara.es\/portal-ciudadano\/wp-content\/uploads\/2023\/11\/Cuenta-Cuentos-418x278.jpeg 418w, https:\/\/www.artenara.es\/portal-ciudadano\/wp-content\/uploads\/2023\/11\/Cuenta-Cuentos.webp 1600w\" sizes=\"(max-width: 1024px) 100vw, 1024px\" \/><\/figure>\n\n\n\n<figure class=\"wp-block-image size-large\"><img decoding=\"async\" src=\"https:\/\/artenara.es\/portal-ciudadano\/wp-content\/uploads\/2023\/11\/Cuenta-Cuentos-1024x683.jpg\" alt=\"\" class=\"wp-image-13120\"\/><\/figure>\n\n\n\n<p class=\"wp-block-paragraph\">Concierto Tacones Rojos.<\/p>\n\n\n\n<figure class=\"wp-block-image size-large\"><img decoding=\"async\" src=\"https:\/\/artenara.es\/portal-ciudadano\/wp-content\/uploads\/2023\/11\/IMG_6424-1024x683.jpg\" alt=\"\" class=\"wp-image-13121\"\/><\/figure>\n\n\n\n<figure class=\"wp-block-image size-large\"><img decoding=\"async\" src=\"https:\/\/artenara.es\/portal-ciudadano\/wp-content\/uploads\/2023\/11\/IMG_6455-1024x683.jpg\" alt=\"\" class=\"wp-image-13122\"\/><\/figure>\n\n\n\n<figure class=\"wp-block-image size-large\"><img decoding=\"async\" src=\"https:\/\/artenara.es\/portal-ciudadano\/wp-content\/uploads\/2023\/11\/IMG_6459-1024x683.jpg\" alt=\"\" class=\"wp-image-13123\"\/><\/figure>\n\n\n\n<figure class=\"wp-block-image size-large\"><img decoding=\"async\" src=\"https:\/\/artenara.es\/portal-ciudadano\/wp-content\/uploads\/2023\/11\/IMG_6475-1024x683.jpg\" alt=\"\" class=\"wp-image-13124\"\/><\/figure>\n\n\n\n<figure class=\"wp-block-image size-large\"><img decoding=\"async\" src=\"https:\/\/artenara.es\/portal-ciudadano\/wp-content\/uploads\/2023\/11\/WhatsApp-Image-2023-11-25-at-17.53.37-1024x768.jpeg\" alt=\"\" class=\"wp-image-13125\"\/><\/figure>\n","protected":false},"excerpt":{"rendered":"<p>El pasado S\u00e1bado, d\u00eda 25 de Noviembre tuvieron lugar diferentes actividades por el D\u00eda Internacional de la Eliminaci\u00f3n de la Violencia contra las Mujeres. Acto Institucional. Cuenta Cuentos. Concierto Tacones Rojos.<\/p>\n","protected":false},"author":4,"featured_media":13058,"comment_status":"closed","ping_status":"closed","sticky":false,"template":"","format":"standard","meta":{"footnotes":""},"categories":[451,2,3],"tags":[],"class_list":["post-13114","post","type-post","status-publish","format-standard","has-post-thumbnail","hentry","category-educacion","category-eventos","category-social"],"_links":{"self":[{"href":"https:\/\/www.artenara.es\/portal-ciudadano\/wp-json\/wp\/v2\/posts\/13114","targetHints":{"allow":["GET"]}}],"collection":[{"href":"https:\/\/www.artenara.es\/portal-ciudadano\/wp-json\/wp\/v2\/posts"}],"about":[{"href":"https:\/\/www.artenara.es\/portal-ciudadano\/wp-json\/wp\/v2\/types\/post"}],"author":[{"embeddable":true,"href":"https:\/\/www.artenara.es\/portal-ciudadano\/wp-json\/wp\/v2\/users\/4"}],"replies":[{"embeddable":true,"href":"https:\/\/www.artenara.es\/portal-ciudadano\/wp-json\/wp\/v2\/comments?post=13114"}],"version-history":[{"count":0,"href":"https:\/\/www.artenara.es\/portal-ciudadano\/wp-json\/wp\/v2\/posts\/13114\/revisions"}],"wp:featuredmedia":[{"embeddable":true,"href":"https:\/\/www.artenara.es\/portal-ciudadano\/wp-json\/wp\/v2\/media\/13058"}],"wp:attachment":[{"href":"https:\/\/www.artenara.es\/portal-ciudadano\/wp-json\/wp\/v2\/media?parent=13114"}],"wp:term":[{"taxonomy":"category","embeddable":true,"href":"https:\/\/www.artenara.es\/portal-ciudadano\/wp-json\/wp\/v2\/categories?post=13114"},{"taxonomy":"post_tag","embeddable":true,"href":"https:\/\/www.artenara.es\/portal-ciudadano\/wp-json\/wp\/v2\/tags?post=13114"}],"curies":[{"name":"wp","href":"https:\/\/api.w.org\/{rel}","templated":true}]}}