{"id":13220,"date":"2023-12-12T10:15:35","date_gmt":"2023-12-12T10:15:35","guid":{"rendered":"https:\/\/artenara.es\/portal-ciudadano\/?p=13220"},"modified":"2023-12-12T10:15:35","modified_gmt":"2023-12-12T10:15:35","slug":"gran-canaria-bike-week","status":"publish","type":"post","link":"https:\/\/www.artenara.es\/portal-ciudadano\/social\/gran-canaria-bike-week\/","title":{"rendered":"Gran Canaria Bike Week."},"content":{"rendered":"\n<figure class=\"wp-block-image size-large\"><img loading=\"lazy\" width=\"486\" height=\"197\" src=\"https:\/\/artenara.es\/portal-ciudadano\/wp-content\/uploads\/2023\/12\/bicis.jpeg\" alt=\"\" class=\"wp-image-13221\" srcset=\"https:\/\/www.artenara.es\/portal-ciudadano\/wp-content\/uploads\/2023\/12\/bicis.jpeg 486w, https:\/\/www.artenara.es\/portal-ciudadano\/wp-content\/uploads\/2023\/12\/bicis-300x122.jpeg 300w, https:\/\/www.artenara.es\/portal-ciudadano\/wp-content\/uploads\/2023\/12\/bicis-418x169.jpeg 418w\" sizes=\"(max-width: 486px) 100vw, 486px\" \/><\/figure>\n\n\n\n<p>El pasado 9 de Diciembre, tuvimos el honor de que pasara por nuestro municipio la pen\u00faltima etapa de la carrera Gran Canaria Bike Week (Un nuevo reto de m\u00e1s de 100 kil\u00f3metros -la m\u00e1s larga de toda la semana- que recorri\u00f3 el oeste y el sur de la isla).<br>Adem\u00e1s, al llegar al pueblo, los ciclistas se hicieron una foto junto al Monumento al ciclismo -obra del escultor Manolo Gonz\u00e1lez- del cual la Virgen de la Cuevita es la patrona. Una instant\u00e1nea que cont\u00f3, adem\u00e1s, con la presencia del concejal de Deportes de Artenara, Alberto D\u00edaz.<\/p>\n\n\n\n<figure class=\"wp-block-image size-large\"><img loading=\"lazy\" width=\"1024\" height=\"605\" src=\"https:\/\/artenara.es\/portal-ciudadano\/wp-content\/uploads\/2023\/12\/GCBW-Etapa-9-dic-002-1024x605.jpeg\" alt=\"\" class=\"wp-image-13222\" srcset=\"https:\/\/www.artenara.es\/portal-ciudadano\/wp-content\/uploads\/2023\/12\/GCBW-Etapa-9-dic-002-1024x605.jpeg 1024w, https:\/\/www.artenara.es\/portal-ciudadano\/wp-content\/uploads\/2023\/12\/GCBW-Etapa-9-dic-002-300x177.jpeg 300w, https:\/\/www.artenara.es\/portal-ciudadano\/wp-content\/uploads\/2023\/12\/GCBW-Etapa-9-dic-002-768x454.jpeg 768w, https:\/\/www.artenara.es\/portal-ciudadano\/wp-content\/uploads\/2023\/12\/GCBW-Etapa-9-dic-002-418x247.jpeg 418w, https:\/\/www.artenara.es\/portal-ciudadano\/wp-content\/uploads\/2023\/12\/GCBW-Etapa-9-dic-002.jpeg 1099w\" sizes=\"(max-width: 1024px) 100vw, 1024px\" \/><\/figure>\n","protected":false},"excerpt":{"rendered":"<p>El pasado 9 de Diciembre, tuvimos el honor de que pasara por nuestro municipio la pen\u00faltima etapa de la carrera Gran Canaria Bike Week (Un nuevo reto de m\u00e1s de 100 kil\u00f3metros -la m\u00e1s larga de toda la semana- que recorri\u00f3 el oeste y el sur de la isla).Adem\u00e1s, al llegar al pueblo, los ciclistas &hellip;<\/p>\n","protected":false},"author":4,"featured_media":13222,"comment_status":"closed","ping_status":"closed","sticky":false,"template":"","format":"standard","meta":[],"categories":[4,5,3],"tags":[],"_links":{"self":[{"href":"https:\/\/www.artenara.es\/portal-ciudadano\/wp-json\/wp\/v2\/posts\/13220"}],"collection":[{"href":"https:\/\/www.artenara.es\/portal-ciudadano\/wp-json\/wp\/v2\/posts"}],"about":[{"href":"https:\/\/www.artenara.es\/portal-ciudadano\/wp-json\/wp\/v2\/types\/post"}],"author":[{"embeddable":true,"href":"https:\/\/www.artenara.es\/portal-ciudadano\/wp-json\/wp\/v2\/users\/4"}],"replies":[{"embeddable":true,"href":"https:\/\/www.artenara.es\/portal-ciudadano\/wp-json\/wp\/v2\/comments?post=13220"}],"version-history":[{"count":1,"href":"https:\/\/www.artenara.es\/portal-ciudadano\/wp-json\/wp\/v2\/posts\/13220\/revisions"}],"predecessor-version":[{"id":13223,"href":"https:\/\/www.artenara.es\/portal-ciudadano\/wp-json\/wp\/v2\/posts\/13220\/revisions\/13223"}],"wp:featuredmedia":[{"embeddable":true,"href":"https:\/\/www.artenara.es\/portal-ciudadano\/wp-json\/wp\/v2\/media\/13222"}],"wp:attachment":[{"href":"https:\/\/www.artenara.es\/portal-ciudadano\/wp-json\/wp\/v2\/media?parent=13220"}],"wp:term":[{"taxonomy":"category","embeddable":true,"href":"https:\/\/www.artenara.es\/portal-ciudadano\/wp-json\/wp\/v2\/categories?post=13220"},{"taxonomy":"post_tag","embeddable":true,"href":"https:\/\/www.artenara.es\/portal-ciudadano\/wp-json\/wp\/v2\/tags?post=13220"}],"curies":[{"name":"wp","href":"https:\/\/api.w.org\/{rel}","templated":true}]}}