{"id":13379,"date":"2024-01-30T08:19:04","date_gmt":"2024-01-30T08:19:04","guid":{"rendered":"https:\/\/artenara.es\/portal-ciudadano\/?p=13379"},"modified":"2024-01-30T08:19:05","modified_gmt":"2024-01-30T08:19:05","slug":"fiestas-en-honor-a-san-blas-2024","status":"publish","type":"post","link":"https:\/\/www.artenara.es\/portal-ciudadano\/social\/fiestas-en-honor-a-san-blas-2024\/","title":{"rendered":"Fiestas en Honor a San Blas 2024."},"content":{"rendered":"\n<p class=\"wp-block-paragraph\">Este S\u00e1bado, 3 de Febrero de 2023.<br>* Eucarist\u00eda a las 12:30h .<br>* Despu\u00e9s de la misa tendr\u00e1 lugar una Comida de Confraternizaci\u00f3n en el Sal\u00f3n de Acusa que consistir\u00e1 en que todos\/as los\/as que lo deseen lleven algo para compartir.<br>\u00a1Estas invitado\/a!<\/p>\n\n\n\n<figure class=\"wp-block-image size-large\"><img decoding=\"async\" src=\"https:\/\/artenara.es\/portal-ciudadano\/wp-content\/uploads\/2024\/01\/Fiestas-3-724x1024.jpg\" alt=\"\" class=\"wp-image-13380\"\/><\/figure>\n","protected":false},"excerpt":{"rendered":"<p>Este S\u00e1bado, 3 de Febrero de 2023.* Eucarist\u00eda a las 12:30h .* Despu\u00e9s de la misa tendr\u00e1 lugar una Comida de Confraternizaci\u00f3n en el Sal\u00f3n de Acusa que consistir\u00e1 en que todos\/as los\/as que lo deseen lleven algo para compartir.\u00a1Estas invitado\/a!<\/p>\n","protected":false},"author":4,"featured_media":13383,"comment_status":"closed","ping_status":"closed","sticky":false,"template":"","format":"standard","meta":{"footnotes":""},"categories":[6,451,5,3],"tags":[341,54,574],"class_list":["post-13379","post","type-post","status-publish","format-standard","has-post-thumbnail","hentry","category-cultura","category-educacion","category-noticias-destacadas","category-social","tag-acusa","tag-artenara","tag-san-blas"],"_links":{"self":[{"href":"https:\/\/www.artenara.es\/portal-ciudadano\/wp-json\/wp\/v2\/posts\/13379","targetHints":{"allow":["GET"]}}],"collection":[{"href":"https:\/\/www.artenara.es\/portal-ciudadano\/wp-json\/wp\/v2\/posts"}],"about":[{"href":"https:\/\/www.artenara.es\/portal-ciudadano\/wp-json\/wp\/v2\/types\/post"}],"author":[{"embeddable":true,"href":"https:\/\/www.artenara.es\/portal-ciudadano\/wp-json\/wp\/v2\/users\/4"}],"replies":[{"embeddable":true,"href":"https:\/\/www.artenara.es\/portal-ciudadano\/wp-json\/wp\/v2\/comments?post=13379"}],"version-history":[{"count":0,"href":"https:\/\/www.artenara.es\/portal-ciudadano\/wp-json\/wp\/v2\/posts\/13379\/revisions"}],"wp:featuredmedia":[{"embeddable":true,"href":"https:\/\/www.artenara.es\/portal-ciudadano\/wp-json\/wp\/v2\/media\/13383"}],"wp:attachment":[{"href":"https:\/\/www.artenara.es\/portal-ciudadano\/wp-json\/wp\/v2\/media?parent=13379"}],"wp:term":[{"taxonomy":"category","embeddable":true,"href":"https:\/\/www.artenara.es\/portal-ciudadano\/wp-json\/wp\/v2\/categories?post=13379"},{"taxonomy":"post_tag","embeddable":true,"href":"https:\/\/www.artenara.es\/portal-ciudadano\/wp-json\/wp\/v2\/tags?post=13379"}],"curies":[{"name":"wp","href":"https:\/\/api.w.org\/{rel}","templated":true}]}}