{"id":13424,"date":"2024-02-16T10:50:27","date_gmt":"2024-02-16T10:50:27","guid":{"rendered":"https:\/\/www.artenara.es\/portal-ciudadano\/?p=13424"},"modified":"2024-03-12T11:12:26","modified_gmt":"2024-03-12T11:12:26","slug":"plantacion-san-matias-2","status":"publish","type":"post","link":"https:\/\/www.artenara.es\/portal-ciudadano\/noticias\/plantacion-san-matias-2\/","title":{"rendered":"Plantaci\u00f3n San Mat\u00edas"},"content":{"rendered":"\n<p>Con motivo de la celebraci\u00f3n de la festividad de San Mat\u00edas, nuestro patr\u00f3n y patr\u00f3n de los Pinares de Gran Canaria, estamos organizando una jornada de plantaci\u00f3n de \u00e1rboles (nogales, casta\u00f1eros, almendros, cerezos, fayas, etc.) el s\u00e1bado 24 de febrero, en Cueva Nueva, Las Arbejas.<\/p>\n\n\n\n<p>Queremos que cada vecino plante un \u00e1rbol en su nombre y en el de sus antepasado y con ello aumentar la superficie verde de nuestro municipio y contribuir al enriquecimiento del medio ambiente.<\/p>\n\n\n\n<p>Para facilitar la participaci\u00f3n, habr\u00e1 un servicio de transporte que partir\u00e1 desde la plaza de San Mat\u00edas a las 11 de la ma\u00f1ana y nos llevar\u00e1 hasta el lugar de la plantaci\u00f3n.<\/p>\n\n\n\n<p>Si quieres poner tu granito de arena para cuidar del medio ambiente, \u00a1An\u00edmate a plantar un \u00e1rbol!\u00a1Contamos contigo!<\/p>\n\n\n\n<p>Esta plantaci\u00f3n se realizar\u00e1 con la colaboraci\u00f3n de la Consejer\u00eda de Medio Ambiente y la Consejer\u00eda de Sector Primario, Soberan\u00eda alimentaria y Seguridad H\u00eddrica.<\/p>\n\n\n\n<figure class=\"wp-block-image size-large\"><img loading=\"lazy\" width=\"724\" height=\"1024\" src=\"https:\/\/www.artenara.es\/portal-ciudadano\/wp-content\/uploads\/2024\/03\/Reforestacion-724x1024.png\" alt=\"\" class=\"wp-image-13412\" srcset=\"https:\/\/www.artenara.es\/portal-ciudadano\/wp-content\/uploads\/2024\/03\/Reforestacion-724x1024.png 724w, https:\/\/www.artenara.es\/portal-ciudadano\/wp-content\/uploads\/2024\/03\/Reforestacion-212x300.png 212w, https:\/\/www.artenara.es\/portal-ciudadano\/wp-content\/uploads\/2024\/03\/Reforestacion-764x1080.png 764w, https:\/\/www.artenara.es\/portal-ciudadano\/wp-content\/uploads\/2024\/03\/Reforestacion-768x1086.png 768w, https:\/\/www.artenara.es\/portal-ciudadano\/wp-content\/uploads\/2024\/03\/Reforestacion-1086x1536.png 1086w, https:\/\/www.artenara.es\/portal-ciudadano\/wp-content\/uploads\/2024\/03\/Reforestacion-1448x2048.png 1448w, https:\/\/www.artenara.es\/portal-ciudadano\/wp-content\/uploads\/2024\/03\/Reforestacion-418x591.png 418w\" sizes=\"(max-width: 724px) 100vw, 724px\" \/><\/figure>\n","protected":false},"excerpt":{"rendered":"<p>Con motivo de la celebraci\u00f3n de la festividad de San Mat\u00edas, nuestro patr\u00f3n y patr\u00f3n de los Pinares de Gran Canaria, estamos organizando una jornada de plantaci\u00f3n de \u00e1rboles (nogales, casta\u00f1eros, almendros, cerezos, fayas, etc.) el s\u00e1bado 24 de febrero, en Cueva Nueva, Las Arbejas. Queremos que cada vecino plante un \u00e1rbol en su nombre &hellip;<\/p>\n","protected":false},"author":4,"featured_media":0,"comment_status":"open","ping_status":"open","sticky":false,"template":"","format":"standard","meta":[],"categories":[1],"tags":[],"_links":{"self":[{"href":"https:\/\/www.artenara.es\/portal-ciudadano\/wp-json\/wp\/v2\/posts\/13424"}],"collection":[{"href":"https:\/\/www.artenara.es\/portal-ciudadano\/wp-json\/wp\/v2\/posts"}],"about":[{"href":"https:\/\/www.artenara.es\/portal-ciudadano\/wp-json\/wp\/v2\/types\/post"}],"author":[{"embeddable":true,"href":"https:\/\/www.artenara.es\/portal-ciudadano\/wp-json\/wp\/v2\/users\/4"}],"replies":[{"embeddable":true,"href":"https:\/\/www.artenara.es\/portal-ciudadano\/wp-json\/wp\/v2\/comments?post=13424"}],"version-history":[{"count":1,"href":"https:\/\/www.artenara.es\/portal-ciudadano\/wp-json\/wp\/v2\/posts\/13424\/revisions"}],"predecessor-version":[{"id":13443,"href":"https:\/\/www.artenara.es\/portal-ciudadano\/wp-json\/wp\/v2\/posts\/13424\/revisions\/13443"}],"wp:attachment":[{"href":"https:\/\/www.artenara.es\/portal-ciudadano\/wp-json\/wp\/v2\/media?parent=13424"}],"wp:term":[{"taxonomy":"category","embeddable":true,"href":"https:\/\/www.artenara.es\/portal-ciudadano\/wp-json\/wp\/v2\/categories?post=13424"},{"taxonomy":"post_tag","embeddable":true,"href":"https:\/\/www.artenara.es\/portal-ciudadano\/wp-json\/wp\/v2\/tags?post=13424"}],"curies":[{"name":"wp","href":"https:\/\/api.w.org\/{rel}","templated":true}]}}