{"id":13482,"date":"2024-03-14T18:52:52","date_gmt":"2024-03-14T18:52:52","guid":{"rendered":"https:\/\/www.artenara.es\/portal-ciudadano\/?p=13482"},"modified":"2026-09-01T15:17:42","modified_gmt":"2026-09-01T15:17:42","slug":"48o-rally-islas-canarias","status":"publish","type":"post","link":"https:\/\/www.artenara.es\/portal-ciudadano\/social\/48o-rally-islas-canarias\/","title":{"rendered":"48\u00ba Rally Islas Canarias"},"content":{"rendered":"\n<p class=\"wp-block-paragraph\">Artenara, con un protagonismo especial en el 48\u00ba RallyIslasCanarias<\/p>\n\n\n\n<p class=\"wp-block-paragraph\">Con el Tuesday Test y una prueba especial, albergar\u00e1 una buena parte de la acci\u00f3n del Rally Islas Canarias en su edici\u00f3n n\u00famero 48. El tramo cronometrado, el m\u00e1s largo de la primera etapa con m\u00e1s de 20 kil\u00f3metros cronometrados.<\/p>\n\n\n\n<p class=\"wp-block-paragraph\"><a href=\"https:\/\/rallyislascanarias.com\/index.php\/es\/noticias3\/item\/300-artenara-con-un-protagonismo-especial-en-el-48-rally-islas-canarias\">https:\/\/rallyislascanarias.com\/index.php\/es\/noticias3\/item\/300-artenara-con-un-protagonismo-especial-en-el-48-rally-islas-canarias<\/a><\/p>\n\n\n\n<figure class=\"wp-block-image size-large\"><img fetchpriority=\"high\" decoding=\"async\" width=\"1000\" height=\"1000\" src=\"https:\/\/www.artenara.es\/portal-ciudadano\/wp-content\/uploads\/2024\/03\/IMG_4664.webp\" alt=\"\" class=\"wp-image-13480\" srcset=\"https:\/\/www.artenara.es\/portal-ciudadano\/wp-content\/uploads\/2024\/03\/IMG_4664.webp 1000w, https:\/\/www.artenara.es\/portal-ciudadano\/wp-content\/uploads\/2024\/03\/IMG_4664-300x300.webp 300w, https:\/\/www.artenara.es\/portal-ciudadano\/wp-content\/uploads\/2024\/03\/IMG_4664-768x768.webp 768w, https:\/\/www.artenara.es\/portal-ciudadano\/wp-content\/uploads\/2024\/03\/IMG_4664-150x150.webp 150w, https:\/\/www.artenara.es\/portal-ciudadano\/wp-content\/uploads\/2024\/03\/IMG_4664-270x270.webp 270w, https:\/\/www.artenara.es\/portal-ciudadano\/wp-content\/uploads\/2024\/03\/IMG_4664-400x400.webp 400w, https:\/\/www.artenara.es\/portal-ciudadano\/wp-content\/uploads\/2024\/03\/IMG_4664-418x418.webp 418w, https:\/\/www.artenara.es\/portal-ciudadano\/wp-content\/uploads\/2024\/03\/IMG_4664-512x512.webp 512w\" sizes=\"(max-width: 1000px) 100vw, 1000px\" \/><\/figure>\n","protected":false},"excerpt":{"rendered":"<p>Artenara, con un protagonismo especial en el 48\u00ba RallyIslasCanarias Con el Tuesday Test y una prueba especial, albergar\u00e1 una buena parte de la acci\u00f3n del Rally Islas Canarias en su edici\u00f3n n\u00famero 48. El tramo cronometrado, el m\u00e1s largo de la primera etapa con m\u00e1s de 20 kil\u00f3metros cronometrados. https:\/\/rallyislascanarias.com\/index.php\/es\/noticias3\/item\/300-artenara-con-un-protagonismo-especial-en-el-48-rally-islas-canarias<\/p>\n","protected":false},"author":4,"featured_media":13481,"comment_status":"closed","ping_status":"open","sticky":false,"template":"","format":"standard","meta":{"footnotes":""},"categories":[4,3],"tags":[],"class_list":["post-13482","post","type-post","status-publish","format-standard","has-post-thumbnail","hentry","category-deportes","category-social"],"_links":{"self":[{"href":"https:\/\/www.artenara.es\/portal-ciudadano\/wp-json\/wp\/v2\/posts\/13482","targetHints":{"allow":["GET"]}}],"collection":[{"href":"https:\/\/www.artenara.es\/portal-ciudadano\/wp-json\/wp\/v2\/posts"}],"about":[{"href":"https:\/\/www.artenara.es\/portal-ciudadano\/wp-json\/wp\/v2\/types\/post"}],"author":[{"embeddable":true,"href":"https:\/\/www.artenara.es\/portal-ciudadano\/wp-json\/wp\/v2\/users\/4"}],"replies":[{"embeddable":true,"href":"https:\/\/www.artenara.es\/portal-ciudadano\/wp-json\/wp\/v2\/comments?post=13482"}],"version-history":[{"count":1,"href":"https:\/\/www.artenara.es\/portal-ciudadano\/wp-json\/wp\/v2\/posts\/13482\/revisions"}],"predecessor-version":[{"id":17407,"href":"https:\/\/www.artenara.es\/portal-ciudadano\/wp-json\/wp\/v2\/posts\/13482\/revisions\/17407"}],"wp:featuredmedia":[{"embeddable":true,"href":"https:\/\/www.artenara.es\/portal-ciudadano\/wp-json\/wp\/v2\/media\/13481"}],"wp:attachment":[{"href":"https:\/\/www.artenara.es\/portal-ciudadano\/wp-json\/wp\/v2\/media?parent=13482"}],"wp:term":[{"taxonomy":"category","embeddable":true,"href":"https:\/\/www.artenara.es\/portal-ciudadano\/wp-json\/wp\/v2\/categories?post=13482"},{"taxonomy":"post_tag","embeddable":true,"href":"https:\/\/www.artenara.es\/portal-ciudadano\/wp-json\/wp\/v2\/tags?post=13482"}],"curies":[{"name":"wp","href":"https:\/\/api.w.org\/{rel}","templated":true}]}}