{"id":13539,"date":"2024-04-09T10:16:23","date_gmt":"2024-04-09T10:16:23","guid":{"rendered":"https:\/\/www.artenara.es\/portal-ciudadano\/?p=13539"},"modified":"2026-09-01T13:56:50","modified_gmt":"2026-09-01T13:56:50","slug":"visita-de-angel-sabroso-viceconsejero-de-deportes","status":"publish","type":"post","link":"https:\/\/www.artenara.es\/portal-ciudadano\/social\/visita-de-angel-sabroso-viceconsejero-de-deportes\/","title":{"rendered":"Visita de \u00c1ngel Sabroso, Viceconsejero de Deportes"},"content":{"rendered":"\n<p class=\"wp-block-paragraph\">Ayer recibimos la visita del Viceconsejero de Deportes del Gobierno de Canarias, \u00c1ngel Luis Sabroso Ram\u00edrez. Durante su estancia, tuvo la oportunidad de realizar una exhaustiva inspecci\u00f3n de nuestras instalaciones deportivas (el campo de f\u00fatbol, el polideportivo, la cancha de p\u00e1del y la piscina). Adem\u00e1s, se abordaron las distintas problem\u00e1ticas relacionadas con el \u00e1mbito deportivo en nuestro municipio.<br>En el transcurso de la reuni\u00f3n, se exploraron posibles colaboraciones futuras entre el Gobierno de Canarias y el municipio de Artenara, en aras de promover el desarrollo deportivo local.<\/p>\n\n\n\n<figure class=\"wp-block-gallery columns-1 is-cropped wp-block-gallery-1 is-layout-flex wp-block-gallery-is-layout-flex\"><ul class=\"blocks-gallery-grid\"><li class=\"blocks-gallery-item\"><figure><img fetchpriority=\"high\" decoding=\"async\" width=\"1024\" height=\"731\" src=\"https:\/\/www.artenara.es\/portal-ciudadano\/wp-content\/uploads\/2024\/04\/IMG_5018-1024x731.webp\" alt=\"\" data-id=\"13536\" data-full-url=\"https:\/\/www.artenara.es\/portal-ciudadano\/wp-content\/uploads\/2024\/04\/IMG_5018.webp\" data-link=\"https:\/\/www.artenara.es\/portal-ciudadano\/img_5018\/\" class=\"wp-image-13536\" srcset=\"https:\/\/www.artenara.es\/portal-ciudadano\/wp-content\/uploads\/2024\/04\/IMG_5018-1024x731.webp 1024w, https:\/\/www.artenara.es\/portal-ciudadano\/wp-content\/uploads\/2024\/04\/IMG_5018-300x214.webp 300w, https:\/\/www.artenara.es\/portal-ciudadano\/wp-content\/uploads\/2024\/04\/IMG_5018-1512x1080.webp 1512w, https:\/\/www.artenara.es\/portal-ciudadano\/wp-content\/uploads\/2024\/04\/IMG_5018-768x549.webp 768w, https:\/\/www.artenara.es\/portal-ciudadano\/wp-content\/uploads\/2024\/04\/IMG_5018-1536x1097.webp 1536w, https:\/\/www.artenara.es\/portal-ciudadano\/wp-content\/uploads\/2024\/04\/IMG_5018.webp 1920w, https:\/\/www.artenara.es\/portal-ciudadano\/wp-content\/uploads\/2024\/04\/IMG_5018-418x299.webp 418w\" sizes=\"(max-width: 1024px) 100vw, 1024px\" \/><\/figure><\/li><\/ul><\/figure>\n","protected":false},"excerpt":{"rendered":"<p>Ayer recibimos la visita del Viceconsejero de Deportes del Gobierno de Canarias, \u00c1ngel Luis Sabroso Ram\u00edrez. Durante su estancia, tuvo la oportunidad de realizar una exhaustiva inspecci\u00f3n de nuestras instalaciones deportivas (el campo de f\u00fatbol, el polideportivo, la cancha de p\u00e1del y la piscina). Adem\u00e1s, se abordaron las distintas problem\u00e1ticas relacionadas con el \u00e1mbito deportivo [&hellip;]<\/p>\n","protected":false},"author":4,"featured_media":13536,"comment_status":"closed","ping_status":"open","sticky":false,"template":"","format":"standard","meta":{"footnotes":""},"categories":[4,3],"tags":[],"class_list":["post-13539","post","type-post","status-publish","format-standard","has-post-thumbnail","hentry","category-deportes","category-social"],"_links":{"self":[{"href":"https:\/\/www.artenara.es\/portal-ciudadano\/wp-json\/wp\/v2\/posts\/13539","targetHints":{"allow":["GET"]}}],"collection":[{"href":"https:\/\/www.artenara.es\/portal-ciudadano\/wp-json\/wp\/v2\/posts"}],"about":[{"href":"https:\/\/www.artenara.es\/portal-ciudadano\/wp-json\/wp\/v2\/types\/post"}],"author":[{"embeddable":true,"href":"https:\/\/www.artenara.es\/portal-ciudadano\/wp-json\/wp\/v2\/users\/4"}],"replies":[{"embeddable":true,"href":"https:\/\/www.artenara.es\/portal-ciudadano\/wp-json\/wp\/v2\/comments?post=13539"}],"version-history":[{"count":2,"href":"https:\/\/www.artenara.es\/portal-ciudadano\/wp-json\/wp\/v2\/posts\/13539\/revisions"}],"predecessor-version":[{"id":17376,"href":"https:\/\/www.artenara.es\/portal-ciudadano\/wp-json\/wp\/v2\/posts\/13539\/revisions\/17376"}],"wp:featuredmedia":[{"embeddable":true,"href":"https:\/\/www.artenara.es\/portal-ciudadano\/wp-json\/wp\/v2\/media\/13536"}],"wp:attachment":[{"href":"https:\/\/www.artenara.es\/portal-ciudadano\/wp-json\/wp\/v2\/media?parent=13539"}],"wp:term":[{"taxonomy":"category","embeddable":true,"href":"https:\/\/www.artenara.es\/portal-ciudadano\/wp-json\/wp\/v2\/categories?post=13539"},{"taxonomy":"post_tag","embeddable":true,"href":"https:\/\/www.artenara.es\/portal-ciudadano\/wp-json\/wp\/v2\/tags?post=13539"}],"curies":[{"name":"wp","href":"https:\/\/api.w.org\/{rel}","templated":true}]}}