{"id":14021,"date":"2024-09-20T10:12:32","date_gmt":"2024-09-20T10:12:32","guid":{"rendered":"https:\/\/www.artenara.es\/portal-ciudadano\/?p=14021"},"modified":"2024-09-20T10:12:34","modified_gmt":"2024-09-20T10:12:34","slug":"43o-rallye-villa-de-teror","status":"publish","type":"post","link":"https:\/\/www.artenara.es\/portal-ciudadano\/deportes\/43o-rallye-villa-de-teror\/","title":{"rendered":"43\u00ba Rallye Villa de Teror"},"content":{"rendered":"\n<p>El municipio de Artenara estar\u00e1 presente un a\u00f1o m\u00e1s en el Rallye Villa de Teror. Tres de los nueve tramos cronometrados tendr\u00e1n salida desde el mirador de la Atalaya y cuya meta se sit\u00faa en la GC-150, a 1km antes de la Cruz de Tejeda.<\/p>\n\n\n\n<figure class=\"wp-block-image size-large\"><img loading=\"lazy\" width=\"724\" height=\"1024\" src=\"https:\/\/www.artenara.es\/portal-ciudadano\/wp-content\/uploads\/2024\/09\/Cartel-Aviso-Cerrado-Doodle-Blanco-y-Azul-1-724x1024.png\" alt=\"\" class=\"wp-image-14020\" srcset=\"https:\/\/www.artenara.es\/portal-ciudadano\/wp-content\/uploads\/2024\/09\/Cartel-Aviso-Cerrado-Doodle-Blanco-y-Azul-1-724x1024.png 724w, https:\/\/www.artenara.es\/portal-ciudadano\/wp-content\/uploads\/2024\/09\/Cartel-Aviso-Cerrado-Doodle-Blanco-y-Azul-1-212x300.png 212w, https:\/\/www.artenara.es\/portal-ciudadano\/wp-content\/uploads\/2024\/09\/Cartel-Aviso-Cerrado-Doodle-Blanco-y-Azul-1-764x1080.png 764w, https:\/\/www.artenara.es\/portal-ciudadano\/wp-content\/uploads\/2024\/09\/Cartel-Aviso-Cerrado-Doodle-Blanco-y-Azul-1-768x1086.png 768w, https:\/\/www.artenara.es\/portal-ciudadano\/wp-content\/uploads\/2024\/09\/Cartel-Aviso-Cerrado-Doodle-Blanco-y-Azul-1-1086x1536.png 1086w, https:\/\/www.artenara.es\/portal-ciudadano\/wp-content\/uploads\/2024\/09\/Cartel-Aviso-Cerrado-Doodle-Blanco-y-Azul-1-1448x2048.png 1448w, https:\/\/www.artenara.es\/portal-ciudadano\/wp-content\/uploads\/2024\/09\/Cartel-Aviso-Cerrado-Doodle-Blanco-y-Azul-1-418x591.png 418w, https:\/\/www.artenara.es\/portal-ciudadano\/wp-content\/uploads\/2024\/09\/Cartel-Aviso-Cerrado-Doodle-Blanco-y-Azul-1.png 1984w\" sizes=\"(max-width: 724px) 100vw, 724px\" \/><\/figure>\n","protected":false},"excerpt":{"rendered":"<p>El municipio de Artenara estar\u00e1 presente un a\u00f1o m\u00e1s en el Rallye Villa de Teror. Tres de los nueve tramos cronometrados tendr\u00e1n salida desde el mirador de la Atalaya y cuya meta se sit\u00faa en la GC-150, a 1km antes de la Cruz de Tejeda.<\/p>\n","protected":false},"author":4,"featured_media":14020,"comment_status":"closed","ping_status":"open","sticky":false,"template":"","format":"standard","meta":[],"categories":[4],"tags":[],"_links":{"self":[{"href":"https:\/\/www.artenara.es\/portal-ciudadano\/wp-json\/wp\/v2\/posts\/14021"}],"collection":[{"href":"https:\/\/www.artenara.es\/portal-ciudadano\/wp-json\/wp\/v2\/posts"}],"about":[{"href":"https:\/\/www.artenara.es\/portal-ciudadano\/wp-json\/wp\/v2\/types\/post"}],"author":[{"embeddable":true,"href":"https:\/\/www.artenara.es\/portal-ciudadano\/wp-json\/wp\/v2\/users\/4"}],"replies":[{"embeddable":true,"href":"https:\/\/www.artenara.es\/portal-ciudadano\/wp-json\/wp\/v2\/comments?post=14021"}],"version-history":[{"count":1,"href":"https:\/\/www.artenara.es\/portal-ciudadano\/wp-json\/wp\/v2\/posts\/14021\/revisions"}],"predecessor-version":[{"id":14022,"href":"https:\/\/www.artenara.es\/portal-ciudadano\/wp-json\/wp\/v2\/posts\/14021\/revisions\/14022"}],"wp:featuredmedia":[{"embeddable":true,"href":"https:\/\/www.artenara.es\/portal-ciudadano\/wp-json\/wp\/v2\/media\/14020"}],"wp:attachment":[{"href":"https:\/\/www.artenara.es\/portal-ciudadano\/wp-json\/wp\/v2\/media?parent=14021"}],"wp:term":[{"taxonomy":"category","embeddable":true,"href":"https:\/\/www.artenara.es\/portal-ciudadano\/wp-json\/wp\/v2\/categories?post=14021"},{"taxonomy":"post_tag","embeddable":true,"href":"https:\/\/www.artenara.es\/portal-ciudadano\/wp-json\/wp\/v2\/tags?post=14021"}],"curies":[{"name":"wp","href":"https:\/\/api.w.org\/{rel}","templated":true}]}}