{"id":14166,"date":"2024-10-25T13:33:56","date_gmt":"2024-10-25T13:33:56","guid":{"rendered":"https:\/\/www.artenara.es\/portal-ciudadano\/?p=14166"},"modified":"2024-10-25T13:33:58","modified_gmt":"2024-10-25T13:33:58","slug":"viaje-dia-internacional-de-la-mujer","status":"publish","type":"post","link":"https:\/\/www.artenara.es\/portal-ciudadano\/social\/viaje-dia-internacional-de-la-mujer\/","title":{"rendered":"Viaje D\u00eda Internacional de la Mujer"},"content":{"rendered":"\n<p> Viaje D\u00eda Internacional de la Mujer 2025 <\/p>\n\n\n\n<p>\u00a1Nos vamos a Granada! <\/p>\n\n\n\n<p>Acomp\u00e1\u00f1anos del 7 al 9 de marzo de 2025 en una escapada inolvidable: \u201cEl \u00daltimo Reducto de Al-\u00c1ndalus\u201d. <\/p>\n\n\n\n<p>Descubre la rica historia y cultura de esta ciudad, \u00a1todo incluido! 3 d\u00edas y 2 noches con vuelos, hotel, excursiones, comidas y entradas incluidas.<\/p>\n\n\n\n<p> Destino: Granada<\/p>\n\n\n\n<p><strong> Informaci\u00f3n y reservas: 928 720 189<\/strong><\/p>\n\n\n\n<p> \u00a1Celebra el D\u00eda Internacional de la Mujer con un viaje lleno de experiencias \u00fanicas y gastronom\u00eda deliciosa! <\/p>\n\n\n\n<div class=\"wp-block-file\"><a href=\"https:\/\/www.artenara.es\/portal-ciudadano\/wp-content\/uploads\/2024\/10\/Granada-Artenara-Concejalia-Mujer-Marzo-24.pdf\">Granada - Artenara Concejalia Mujer - Marzo 24<\/a><a href=\"https:\/\/www.artenara.es\/portal-ciudadano\/wp-content\/uploads\/2024\/10\/Granada-Artenara-Concejalia-Mujer-Marzo-24.pdf\" class=\"wp-block-file__button\" download>Descarga<\/a><\/div>\n\n\n\n<figure class=\"wp-block-image size-large\"><img loading=\"lazy\" width=\"714\" height=\"1024\" src=\"https:\/\/www.artenara.es\/portal-ciudadano\/wp-content\/uploads\/2024\/10\/WhatsApp-Image-2024-10-25-at-13.49.43-714x1024.jpeg\" alt=\"\" class=\"wp-image-14168\" srcset=\"https:\/\/www.artenara.es\/portal-ciudadano\/wp-content\/uploads\/2024\/10\/WhatsApp-Image-2024-10-25-at-13.49.43-714x1024.jpeg 714w, https:\/\/www.artenara.es\/portal-ciudadano\/wp-content\/uploads\/2024\/10\/WhatsApp-Image-2024-10-25-at-13.49.43-209x300.jpeg 209w, https:\/\/www.artenara.es\/portal-ciudadano\/wp-content\/uploads\/2024\/10\/WhatsApp-Image-2024-10-25-at-13.49.43-753x1080.jpeg 753w, https:\/\/www.artenara.es\/portal-ciudadano\/wp-content\/uploads\/2024\/10\/WhatsApp-Image-2024-10-25-at-13.49.43-768x1101.jpeg 768w, https:\/\/www.artenara.es\/portal-ciudadano\/wp-content\/uploads\/2024\/10\/WhatsApp-Image-2024-10-25-at-13.49.43-1071x1536.jpeg 1071w, https:\/\/www.artenara.es\/portal-ciudadano\/wp-content\/uploads\/2024\/10\/WhatsApp-Image-2024-10-25-at-13.49.43-418x599.jpeg 418w, https:\/\/www.artenara.es\/portal-ciudadano\/wp-content\/uploads\/2024\/10\/WhatsApp-Image-2024-10-25-at-13.49.43.jpeg 1244w\" sizes=\"(max-width: 714px) 100vw, 714px\" \/><\/figure>\n","protected":false},"excerpt":{"rendered":"<p>Viaje D\u00eda Internacional de la Mujer 2025 \u00a1Nos vamos a Granada! Acomp\u00e1\u00f1anos del 7 al 9 de marzo de 2025 en una escapada inolvidable: \u201cEl \u00daltimo Reducto de Al-\u00c1ndalus\u201d. Descubre la rica historia y cultura de esta ciudad, \u00a1todo incluido! 3 d\u00edas y 2 noches con vuelos, hotel, excursiones, comidas y entradas incluidas. Destino: Granada &hellip;<\/p>\n","protected":false},"author":4,"featured_media":14168,"comment_status":"closed","ping_status":"open","sticky":false,"template":"","format":"standard","meta":[],"categories":[3],"tags":[],"_links":{"self":[{"href":"https:\/\/www.artenara.es\/portal-ciudadano\/wp-json\/wp\/v2\/posts\/14166"}],"collection":[{"href":"https:\/\/www.artenara.es\/portal-ciudadano\/wp-json\/wp\/v2\/posts"}],"about":[{"href":"https:\/\/www.artenara.es\/portal-ciudadano\/wp-json\/wp\/v2\/types\/post"}],"author":[{"embeddable":true,"href":"https:\/\/www.artenara.es\/portal-ciudadano\/wp-json\/wp\/v2\/users\/4"}],"replies":[{"embeddable":true,"href":"https:\/\/www.artenara.es\/portal-ciudadano\/wp-json\/wp\/v2\/comments?post=14166"}],"version-history":[{"count":1,"href":"https:\/\/www.artenara.es\/portal-ciudadano\/wp-json\/wp\/v2\/posts\/14166\/revisions"}],"predecessor-version":[{"id":14169,"href":"https:\/\/www.artenara.es\/portal-ciudadano\/wp-json\/wp\/v2\/posts\/14166\/revisions\/14169"}],"wp:featuredmedia":[{"embeddable":true,"href":"https:\/\/www.artenara.es\/portal-ciudadano\/wp-json\/wp\/v2\/media\/14168"}],"wp:attachment":[{"href":"https:\/\/www.artenara.es\/portal-ciudadano\/wp-json\/wp\/v2\/media?parent=14166"}],"wp:term":[{"taxonomy":"category","embeddable":true,"href":"https:\/\/www.artenara.es\/portal-ciudadano\/wp-json\/wp\/v2\/categories?post=14166"},{"taxonomy":"post_tag","embeddable":true,"href":"https:\/\/www.artenara.es\/portal-ciudadano\/wp-json\/wp\/v2\/tags?post=14166"}],"curies":[{"name":"wp","href":"https:\/\/api.w.org\/{rel}","templated":true}]}}