{"id":14194,"date":"2024-11-08T10:28:02","date_gmt":"2024-11-08T10:28:02","guid":{"rendered":"https:\/\/www.artenara.es\/portal-ciudadano\/?p=14194"},"modified":"2024-11-08T10:28:03","modified_gmt":"2024-11-08T10:28:03","slug":"comunidad-energetica-de-artenara","status":"publish","type":"post","link":"https:\/\/www.artenara.es\/portal-ciudadano\/social\/comunidad-energetica-de-artenara\/","title":{"rendered":"Comunidad Energ\u00e9tica de Artenara"},"content":{"rendered":"\n<p>Vente a informarte sobre la recientemente creada Comunidad Energ\u00e9tica de Artenara y como puedes ser m\u00e1s sostenible.<\/p>\n\n\n\n<p>Viernes 15 de noviembre a las 19 horas en el Centro Cultural Cronista Jos\u00e9 Antonio Luj\u00e1n Henr\u00edquez.<\/p>\n\n\n\n<figure class=\"wp-block-image size-large\"><img loading=\"lazy\" width=\"724\" height=\"1024\" src=\"https:\/\/www.artenara.es\/portal-ciudadano\/wp-content\/uploads\/2024\/11\/WhatsApp-Image-2024-11-08-at-09.44.17-724x1024.jpeg\" alt=\"\" class=\"wp-image-14193\" srcset=\"https:\/\/www.artenara.es\/portal-ciudadano\/wp-content\/uploads\/2024\/11\/WhatsApp-Image-2024-11-08-at-09.44.17-724x1024.jpeg 724w, https:\/\/www.artenara.es\/portal-ciudadano\/wp-content\/uploads\/2024\/11\/WhatsApp-Image-2024-11-08-at-09.44.17-212x300.jpeg 212w, https:\/\/www.artenara.es\/portal-ciudadano\/wp-content\/uploads\/2024\/11\/WhatsApp-Image-2024-11-08-at-09.44.17-763x1080.jpeg 763w, https:\/\/www.artenara.es\/portal-ciudadano\/wp-content\/uploads\/2024\/11\/WhatsApp-Image-2024-11-08-at-09.44.17-768x1086.jpeg 768w, https:\/\/www.artenara.es\/portal-ciudadano\/wp-content\/uploads\/2024\/11\/WhatsApp-Image-2024-11-08-at-09.44.17-1086x1536.jpeg 1086w, https:\/\/www.artenara.es\/portal-ciudadano\/wp-content\/uploads\/2024\/11\/WhatsApp-Image-2024-11-08-at-09.44.17-418x591.jpeg 418w, https:\/\/www.artenara.es\/portal-ciudadano\/wp-content\/uploads\/2024\/11\/WhatsApp-Image-2024-11-08-at-09.44.17.jpeg 1131w\" sizes=\"(max-width: 724px) 100vw, 724px\" \/><\/figure>\n","protected":false},"excerpt":{"rendered":"<p>Vente a informarte sobre la recientemente creada Comunidad Energ\u00e9tica de Artenara y como puedes ser m\u00e1s sostenible. Viernes 15 de noviembre a las 19 horas en el Centro Cultural Cronista Jos\u00e9 Antonio Luj\u00e1n Henr\u00edquez.<\/p>\n","protected":false},"author":4,"featured_media":14193,"comment_status":"closed","ping_status":"open","sticky":false,"template":"","format":"standard","meta":[],"categories":[3],"tags":[],"_links":{"self":[{"href":"https:\/\/www.artenara.es\/portal-ciudadano\/wp-json\/wp\/v2\/posts\/14194"}],"collection":[{"href":"https:\/\/www.artenara.es\/portal-ciudadano\/wp-json\/wp\/v2\/posts"}],"about":[{"href":"https:\/\/www.artenara.es\/portal-ciudadano\/wp-json\/wp\/v2\/types\/post"}],"author":[{"embeddable":true,"href":"https:\/\/www.artenara.es\/portal-ciudadano\/wp-json\/wp\/v2\/users\/4"}],"replies":[{"embeddable":true,"href":"https:\/\/www.artenara.es\/portal-ciudadano\/wp-json\/wp\/v2\/comments?post=14194"}],"version-history":[{"count":1,"href":"https:\/\/www.artenara.es\/portal-ciudadano\/wp-json\/wp\/v2\/posts\/14194\/revisions"}],"predecessor-version":[{"id":14196,"href":"https:\/\/www.artenara.es\/portal-ciudadano\/wp-json\/wp\/v2\/posts\/14194\/revisions\/14196"}],"wp:featuredmedia":[{"embeddable":true,"href":"https:\/\/www.artenara.es\/portal-ciudadano\/wp-json\/wp\/v2\/media\/14193"}],"wp:attachment":[{"href":"https:\/\/www.artenara.es\/portal-ciudadano\/wp-json\/wp\/v2\/media?parent=14194"}],"wp:term":[{"taxonomy":"category","embeddable":true,"href":"https:\/\/www.artenara.es\/portal-ciudadano\/wp-json\/wp\/v2\/categories?post=14194"},{"taxonomy":"post_tag","embeddable":true,"href":"https:\/\/www.artenara.es\/portal-ciudadano\/wp-json\/wp\/v2\/tags?post=14194"}],"curies":[{"name":"wp","href":"https:\/\/api.w.org\/{rel}","templated":true}]}}