{"id":14198,"date":"2024-11-11T12:55:13","date_gmt":"2024-11-11T12:55:13","guid":{"rendered":"https:\/\/www.artenara.es\/portal-ciudadano\/?p=14198"},"modified":"2024-11-11T12:55:14","modified_gmt":"2024-11-11T12:55:14","slug":"ayudas-de-emergencia-social-6","status":"publish","type":"post","link":"https:\/\/www.artenara.es\/portal-ciudadano\/social\/ayudas-de-emergencia-social-6\/","title":{"rendered":"Ayudas de Emergencia Social"},"content":{"rendered":"\n<p>Por medio de la presente se pone en conocimiento de todas las personas interesadas que est\u00e1 <strong>abierto el plazo para la presentaci\u00f3n de Solicitudes<\/strong> de Ayudas de Emergencia Social, incluidas dentro de las Prestaciones B\u00e1sicas de Servicios Sociales, Plan Concertado 2024 de la Consejer\u00eda de Bienestar Social, Igualdad, Juventud, Infancia y Familias del Gobierno de Canarias.<\/p>\n\n\n\n<p><strong>BENEFICIARIOS<\/strong>: Personas o familias empadronadas y residentes en el Municipio de Artenara con escasos recursos econ\u00f3micos que requieran de un apoyo econ\u00f3mico para cubrir las necesidades b\u00e1sicas.<\/p>\n\n\n\n<p>Para m\u00e1s informaci\u00f3n y cumplimentaci\u00f3n de solicitudes, en el <strong>Departamento de Servicios Sociales del Ayuntamiento, mediante cita previa solicitada en la sede electr\u00f3nica del Ayuntamiento.<\/strong><\/p>\n\n\n\n<p><strong>Hasta el 23 de Diciembre de 2024.<\/strong><\/p>\n","protected":false},"excerpt":{"rendered":"<p>Por medio de la presente se pone en conocimiento de todas las personas interesadas que est\u00e1 abierto el plazo para la presentaci\u00f3n de Solicitudes de Ayudas de Emergencia Social, incluidas dentro de las Prestaciones B\u00e1sicas de Servicios Sociales, Plan Concertado 2024 de la Consejer\u00eda de Bienestar Social, Igualdad, Juventud, Infancia y Familias del Gobierno de &hellip;<\/p>\n","protected":false},"author":4,"featured_media":14197,"comment_status":"closed","ping_status":"open","sticky":false,"template":"","format":"standard","meta":[],"categories":[3],"tags":[],"_links":{"self":[{"href":"https:\/\/www.artenara.es\/portal-ciudadano\/wp-json\/wp\/v2\/posts\/14198"}],"collection":[{"href":"https:\/\/www.artenara.es\/portal-ciudadano\/wp-json\/wp\/v2\/posts"}],"about":[{"href":"https:\/\/www.artenara.es\/portal-ciudadano\/wp-json\/wp\/v2\/types\/post"}],"author":[{"embeddable":true,"href":"https:\/\/www.artenara.es\/portal-ciudadano\/wp-json\/wp\/v2\/users\/4"}],"replies":[{"embeddable":true,"href":"https:\/\/www.artenara.es\/portal-ciudadano\/wp-json\/wp\/v2\/comments?post=14198"}],"version-history":[{"count":1,"href":"https:\/\/www.artenara.es\/portal-ciudadano\/wp-json\/wp\/v2\/posts\/14198\/revisions"}],"predecessor-version":[{"id":14199,"href":"https:\/\/www.artenara.es\/portal-ciudadano\/wp-json\/wp\/v2\/posts\/14198\/revisions\/14199"}],"wp:featuredmedia":[{"embeddable":true,"href":"https:\/\/www.artenara.es\/portal-ciudadano\/wp-json\/wp\/v2\/media\/14197"}],"wp:attachment":[{"href":"https:\/\/www.artenara.es\/portal-ciudadano\/wp-json\/wp\/v2\/media?parent=14198"}],"wp:term":[{"taxonomy":"category","embeddable":true,"href":"https:\/\/www.artenara.es\/portal-ciudadano\/wp-json\/wp\/v2\/categories?post=14198"},{"taxonomy":"post_tag","embeddable":true,"href":"https:\/\/www.artenara.es\/portal-ciudadano\/wp-json\/wp\/v2\/tags?post=14198"}],"curies":[{"name":"wp","href":"https:\/\/api.w.org\/{rel}","templated":true}]}}