{"id":14221,"date":"2024-11-15T13:48:10","date_gmt":"2024-11-15T13:48:10","guid":{"rendered":"https:\/\/www.artenara.es\/portal-ciudadano\/?p=14221"},"modified":"2024-11-15T13:48:12","modified_gmt":"2024-11-15T13:48:12","slug":"declaracion-de-prealerta","status":"publish","type":"post","link":"https:\/\/www.artenara.es\/portal-ciudadano\/social\/declaracion-de-prealerta\/","title":{"rendered":"Declaraci\u00f3n de PREALERTA"},"content":{"rendered":"\n<p><strong>DECLARACI\u00d3N DE PREALERTA POR LLUVIAS Y TORMENTAS. <\/strong><\/p>\n\n\n\n<p>\u00c1mbito territorial: COMUNIDAD AUT\u00d3NOMA DE <strong>CANARIAS<\/strong>.<\/p>\n\n\n\n<p>Fecha de inicio: <strong>15-11-2024<\/strong> hora de inicio: <strong>14:00<\/strong>.<\/p>\n\n\n\n<figure class=\"wp-block-gallery columns-2 is-cropped\"><ul class=\"blocks-gallery-grid\"><li class=\"blocks-gallery-item\"><figure><img loading=\"lazy\" width=\"724\" height=\"1024\" src=\"https:\/\/www.artenara.es\/portal-ciudadano\/wp-content\/uploads\/2024\/11\/24-11-15-Declaracion-63-2024-PEFMA-Prealerta-Lluvias-1-724x1024.png\" alt=\"\" data-id=\"14220\" data-full-url=\"https:\/\/www.artenara.es\/portal-ciudadano\/wp-content\/uploads\/2024\/11\/24-11-15-Declaracion-63-2024-PEFMA-Prealerta-Lluvias-1.png\" data-link=\"https:\/\/www.artenara.es\/portal-ciudadano\/24-11-15-declaracion-63-2024-pefma-prealerta-lluvias-1\/\" class=\"wp-image-14220\" srcset=\"https:\/\/www.artenara.es\/portal-ciudadano\/wp-content\/uploads\/2024\/11\/24-11-15-Declaracion-63-2024-PEFMA-Prealerta-Lluvias-1-724x1024.png 724w, https:\/\/www.artenara.es\/portal-ciudadano\/wp-content\/uploads\/2024\/11\/24-11-15-Declaracion-63-2024-PEFMA-Prealerta-Lluvias-1-212x300.png 212w, https:\/\/www.artenara.es\/portal-ciudadano\/wp-content\/uploads\/2024\/11\/24-11-15-Declaracion-63-2024-PEFMA-Prealerta-Lluvias-1-763x1080.png 763w, https:\/\/www.artenara.es\/portal-ciudadano\/wp-content\/uploads\/2024\/11\/24-11-15-Declaracion-63-2024-PEFMA-Prealerta-Lluvias-1-768x1087.png 768w, https:\/\/www.artenara.es\/portal-ciudadano\/wp-content\/uploads\/2024\/11\/24-11-15-Declaracion-63-2024-PEFMA-Prealerta-Lluvias-1-1086x1536.png 1086w, https:\/\/www.artenara.es\/portal-ciudadano\/wp-content\/uploads\/2024\/11\/24-11-15-Declaracion-63-2024-PEFMA-Prealerta-Lluvias-1-1447x2048.png 1447w, https:\/\/www.artenara.es\/portal-ciudadano\/wp-content\/uploads\/2024\/11\/24-11-15-Declaracion-63-2024-PEFMA-Prealerta-Lluvias-1-418x591.png 418w, https:\/\/www.artenara.es\/portal-ciudadano\/wp-content\/uploads\/2024\/11\/24-11-15-Declaracion-63-2024-PEFMA-Prealerta-Lluvias-1.png 1653w\" sizes=\"(max-width: 724px) 100vw, 724px\" \/><\/figure><\/li><li class=\"blocks-gallery-item\"><figure><img loading=\"lazy\" width=\"724\" height=\"1024\" src=\"https:\/\/www.artenara.es\/portal-ciudadano\/wp-content\/uploads\/2024\/11\/24-11-15-Declaracion-64-2024-PEFMA-Prealerta-Tormentas-1-724x1024.png\" alt=\"\" data-id=\"14219\" data-full-url=\"https:\/\/www.artenara.es\/portal-ciudadano\/wp-content\/uploads\/2024\/11\/24-11-15-Declaracion-64-2024-PEFMA-Prealerta-Tormentas-1.png\" data-link=\"https:\/\/www.artenara.es\/portal-ciudadano\/24-11-15-declaracion-64-2024-pefma-prealerta-tormentas-1\/\" class=\"wp-image-14219\" srcset=\"https:\/\/www.artenara.es\/portal-ciudadano\/wp-content\/uploads\/2024\/11\/24-11-15-Declaracion-64-2024-PEFMA-Prealerta-Tormentas-1-724x1024.png 724w, https:\/\/www.artenara.es\/portal-ciudadano\/wp-content\/uploads\/2024\/11\/24-11-15-Declaracion-64-2024-PEFMA-Prealerta-Tormentas-1-212x300.png 212w, https:\/\/www.artenara.es\/portal-ciudadano\/wp-content\/uploads\/2024\/11\/24-11-15-Declaracion-64-2024-PEFMA-Prealerta-Tormentas-1-763x1080.png 763w, https:\/\/www.artenara.es\/portal-ciudadano\/wp-content\/uploads\/2024\/11\/24-11-15-Declaracion-64-2024-PEFMA-Prealerta-Tormentas-1-768x1087.png 768w, https:\/\/www.artenara.es\/portal-ciudadano\/wp-content\/uploads\/2024\/11\/24-11-15-Declaracion-64-2024-PEFMA-Prealerta-Tormentas-1-1086x1536.png 1086w, https:\/\/www.artenara.es\/portal-ciudadano\/wp-content\/uploads\/2024\/11\/24-11-15-Declaracion-64-2024-PEFMA-Prealerta-Tormentas-1-1447x2048.png 1447w, https:\/\/www.artenara.es\/portal-ciudadano\/wp-content\/uploads\/2024\/11\/24-11-15-Declaracion-64-2024-PEFMA-Prealerta-Tormentas-1-418x591.png 418w, https:\/\/www.artenara.es\/portal-ciudadano\/wp-content\/uploads\/2024\/11\/24-11-15-Declaracion-64-2024-PEFMA-Prealerta-Tormentas-1.png 1653w\" sizes=\"(max-width: 724px) 100vw, 724px\" \/><\/figure><\/li><\/ul><\/figure>\n\n\n\n<p><\/p>\n","protected":false},"excerpt":{"rendered":"<p>DECLARACI\u00d3N DE PREALERTA POR LLUVIAS Y TORMENTAS. \u00c1mbito territorial: COMUNIDAD AUT\u00d3NOMA DE CANARIAS. Fecha de inicio: 15-11-2024 hora de inicio: 14:00.<\/p>\n","protected":false},"author":4,"featured_media":14222,"comment_status":"closed","ping_status":"open","sticky":false,"template":"","format":"standard","meta":[],"categories":[3],"tags":[],"_links":{"self":[{"href":"https:\/\/www.artenara.es\/portal-ciudadano\/wp-json\/wp\/v2\/posts\/14221"}],"collection":[{"href":"https:\/\/www.artenara.es\/portal-ciudadano\/wp-json\/wp\/v2\/posts"}],"about":[{"href":"https:\/\/www.artenara.es\/portal-ciudadano\/wp-json\/wp\/v2\/types\/post"}],"author":[{"embeddable":true,"href":"https:\/\/www.artenara.es\/portal-ciudadano\/wp-json\/wp\/v2\/users\/4"}],"replies":[{"embeddable":true,"href":"https:\/\/www.artenara.es\/portal-ciudadano\/wp-json\/wp\/v2\/comments?post=14221"}],"version-history":[{"count":1,"href":"https:\/\/www.artenara.es\/portal-ciudadano\/wp-json\/wp\/v2\/posts\/14221\/revisions"}],"predecessor-version":[{"id":14223,"href":"https:\/\/www.artenara.es\/portal-ciudadano\/wp-json\/wp\/v2\/posts\/14221\/revisions\/14223"}],"wp:featuredmedia":[{"embeddable":true,"href":"https:\/\/www.artenara.es\/portal-ciudadano\/wp-json\/wp\/v2\/media\/14222"}],"wp:attachment":[{"href":"https:\/\/www.artenara.es\/portal-ciudadano\/wp-json\/wp\/v2\/media?parent=14221"}],"wp:term":[{"taxonomy":"category","embeddable":true,"href":"https:\/\/www.artenara.es\/portal-ciudadano\/wp-json\/wp\/v2\/categories?post=14221"},{"taxonomy":"post_tag","embeddable":true,"href":"https:\/\/www.artenara.es\/portal-ciudadano\/wp-json\/wp\/v2\/tags?post=14221"}],"curies":[{"name":"wp","href":"https:\/\/api.w.org\/{rel}","templated":true}]}}