{"id":14228,"date":"2024-11-20T18:29:09","date_gmt":"2024-11-20T18:29:09","guid":{"rendered":"https:\/\/www.artenara.es\/portal-ciudadano\/?p=14228"},"modified":"2024-11-20T18:31:07","modified_gmt":"2024-11-20T18:31:07","slug":"d-e-p-severiano-lujan-cabrera","status":"publish","type":"post","link":"https:\/\/www.artenara.es\/portal-ciudadano\/social\/d-e-p-severiano-lujan-cabrera\/","title":{"rendered":"D.E.P. Severiano Luj\u00e1n Cabrera"},"content":{"rendered":"\n<p>El Ayuntamiento de Artenara comunica, con hondo pesar, el fallecimiento este mi\u00e9rcoles, 20 de noviembre, del Ex Alcalde del municipio Don Severiano Luj\u00e1n Cabrera.<\/p>\n\n\n\n<p>Severiano Luj\u00e1n Cabrera dedic\u00f3 su vida durante 40 a\u00f1os (1967-2007) al servicio p\u00fablico, defendiendo y luchando por los intereses de su municipio: Artenara.<\/p>\n\n\n\n<p>La Corporaci\u00f3n Municipal manifiesta su profundo dolor ante el vac\u00edo indescriptible que deja y, como se\u00f1al de cari\u00f1o, respeto y homenaje, ha acordado en sesi\u00f3n plenaria declarar 3 d\u00edas de luto oficial y que la bandera municipal ubicada en el Ayuntamiento ondee a media asta.<\/p>\n\n\n\n<p>Este Ayuntamiento traslada sus condolencias a familiares y seres queridos.<\/p>\n\n\n\n<p>D.E.P.<\/p>\n\n\n\n<figure class=\"wp-block-image\"><img alt=\"\"\/><\/figure>\n","protected":false},"excerpt":{"rendered":"<p>El Ayuntamiento de Artenara comunica, con hondo pesar, el fallecimiento este mi\u00e9rcoles, 20 de noviembre, del Ex Alcalde del municipio Don Severiano Luj\u00e1n Cabrera. Severiano Luj\u00e1n Cabrera dedic\u00f3 su vida durante 40 a\u00f1os (1967-2007) al servicio p\u00fablico, defendiendo y luchando por los intereses de su municipio: Artenara. La Corporaci\u00f3n Municipal manifiesta su profundo dolor ante &hellip;<\/p>\n","protected":false},"author":4,"featured_media":14229,"comment_status":"closed","ping_status":"open","sticky":false,"template":"","format":"standard","meta":[],"categories":[3],"tags":[],"_links":{"self":[{"href":"https:\/\/www.artenara.es\/portal-ciudadano\/wp-json\/wp\/v2\/posts\/14228"}],"collection":[{"href":"https:\/\/www.artenara.es\/portal-ciudadano\/wp-json\/wp\/v2\/posts"}],"about":[{"href":"https:\/\/www.artenara.es\/portal-ciudadano\/wp-json\/wp\/v2\/types\/post"}],"author":[{"embeddable":true,"href":"https:\/\/www.artenara.es\/portal-ciudadano\/wp-json\/wp\/v2\/users\/4"}],"replies":[{"embeddable":true,"href":"https:\/\/www.artenara.es\/portal-ciudadano\/wp-json\/wp\/v2\/comments?post=14228"}],"version-history":[{"count":1,"href":"https:\/\/www.artenara.es\/portal-ciudadano\/wp-json\/wp\/v2\/posts\/14228\/revisions"}],"predecessor-version":[{"id":14230,"href":"https:\/\/www.artenara.es\/portal-ciudadano\/wp-json\/wp\/v2\/posts\/14228\/revisions\/14230"}],"wp:featuredmedia":[{"embeddable":true,"href":"https:\/\/www.artenara.es\/portal-ciudadano\/wp-json\/wp\/v2\/media\/14229"}],"wp:attachment":[{"href":"https:\/\/www.artenara.es\/portal-ciudadano\/wp-json\/wp\/v2\/media?parent=14228"}],"wp:term":[{"taxonomy":"category","embeddable":true,"href":"https:\/\/www.artenara.es\/portal-ciudadano\/wp-json\/wp\/v2\/categories?post=14228"},{"taxonomy":"post_tag","embeddable":true,"href":"https:\/\/www.artenara.es\/portal-ciudadano\/wp-json\/wp\/v2\/tags?post=14228"}],"curies":[{"name":"wp","href":"https:\/\/api.w.org\/{rel}","templated":true}]}}