{"id":14237,"date":"2024-11-22T11:55:55","date_gmt":"2024-11-22T11:55:55","guid":{"rendered":"https:\/\/www.artenara.es\/portal-ciudadano\/?p=14237"},"modified":"2024-11-22T11:55:56","modified_gmt":"2024-11-22T11:55:56","slug":"pinceles-y-flores","status":"publish","type":"post","link":"https:\/\/www.artenara.es\/portal-ciudadano\/social\/pinceles-y-flores\/","title":{"rendered":"Pinceles y Flores"},"content":{"rendered":"\n<p>Inspirada en el vida y obra de Frida Khalo.<\/p>\n\n\n\n<p>7 de diciembre a las 19:00 en el Centro Cultural Cronista Jos\u00e9 Antonio Luj\u00e1n Henr\u00edquez. <\/p>\n\n\n\n<figure class=\"wp-block-image size-large\"><img loading=\"lazy\" width=\"724\" height=\"1024\" src=\"https:\/\/www.artenara.es\/portal-ciudadano\/wp-content\/uploads\/2024\/11\/467890106_1019592266868928_5735390000007374319_n-724x1024.jpg\" alt=\"\" class=\"wp-image-14235\" srcset=\"https:\/\/www.artenara.es\/portal-ciudadano\/wp-content\/uploads\/2024\/11\/467890106_1019592266868928_5735390000007374319_n-724x1024.jpg 724w, https:\/\/www.artenara.es\/portal-ciudadano\/wp-content\/uploads\/2024\/11\/467890106_1019592266868928_5735390000007374319_n-212x300.jpg 212w, https:\/\/www.artenara.es\/portal-ciudadano\/wp-content\/uploads\/2024\/11\/467890106_1019592266868928_5735390000007374319_n-763x1080.jpg 763w, https:\/\/www.artenara.es\/portal-ciudadano\/wp-content\/uploads\/2024\/11\/467890106_1019592266868928_5735390000007374319_n-768x1086.jpg 768w, https:\/\/www.artenara.es\/portal-ciudadano\/wp-content\/uploads\/2024\/11\/467890106_1019592266868928_5735390000007374319_n-1086x1536.jpg 1086w, https:\/\/www.artenara.es\/portal-ciudadano\/wp-content\/uploads\/2024\/11\/467890106_1019592266868928_5735390000007374319_n-418x591.jpg 418w, https:\/\/www.artenara.es\/portal-ciudadano\/wp-content\/uploads\/2024\/11\/467890106_1019592266868928_5735390000007374319_n.jpg 1131w\" sizes=\"(max-width: 724px) 100vw, 724px\" \/><\/figure>\n","protected":false},"excerpt":{"rendered":"<p>Inspirada en el vida y obra de Frida Khalo. 7 de diciembre a las 19:00 en el Centro Cultural Cronista Jos\u00e9 Antonio Luj\u00e1n Henr\u00edquez.<\/p>\n","protected":false},"author":4,"featured_media":14235,"comment_status":"closed","ping_status":"open","sticky":false,"template":"","format":"standard","meta":[],"categories":[3],"tags":[],"_links":{"self":[{"href":"https:\/\/www.artenara.es\/portal-ciudadano\/wp-json\/wp\/v2\/posts\/14237"}],"collection":[{"href":"https:\/\/www.artenara.es\/portal-ciudadano\/wp-json\/wp\/v2\/posts"}],"about":[{"href":"https:\/\/www.artenara.es\/portal-ciudadano\/wp-json\/wp\/v2\/types\/post"}],"author":[{"embeddable":true,"href":"https:\/\/www.artenara.es\/portal-ciudadano\/wp-json\/wp\/v2\/users\/4"}],"replies":[{"embeddable":true,"href":"https:\/\/www.artenara.es\/portal-ciudadano\/wp-json\/wp\/v2\/comments?post=14237"}],"version-history":[{"count":1,"href":"https:\/\/www.artenara.es\/portal-ciudadano\/wp-json\/wp\/v2\/posts\/14237\/revisions"}],"predecessor-version":[{"id":14238,"href":"https:\/\/www.artenara.es\/portal-ciudadano\/wp-json\/wp\/v2\/posts\/14237\/revisions\/14238"}],"wp:featuredmedia":[{"embeddable":true,"href":"https:\/\/www.artenara.es\/portal-ciudadano\/wp-json\/wp\/v2\/media\/14235"}],"wp:attachment":[{"href":"https:\/\/www.artenara.es\/portal-ciudadano\/wp-json\/wp\/v2\/media?parent=14237"}],"wp:term":[{"taxonomy":"category","embeddable":true,"href":"https:\/\/www.artenara.es\/portal-ciudadano\/wp-json\/wp\/v2\/categories?post=14237"},{"taxonomy":"post_tag","embeddable":true,"href":"https:\/\/www.artenara.es\/portal-ciudadano\/wp-json\/wp\/v2\/tags?post=14237"}],"curies":[{"name":"wp","href":"https:\/\/api.w.org\/{rel}","templated":true}]}}