{"id":14331,"date":"2025-01-17T12:10:06","date_gmt":"2025-01-17T12:10:06","guid":{"rendered":"https:\/\/www.artenara.es\/portal-ciudadano\/?p=14331"},"modified":"2025-01-17T12:10:08","modified_gmt":"2025-01-17T12:10:08","slug":"desafio-la-titanica-2","status":"publish","type":"post","link":"https:\/\/www.artenara.es\/portal-ciudadano\/deportes\/desafio-la-titanica-2\/","title":{"rendered":"Desaf\u00edo La Tit\u00e1nica"},"content":{"rendered":"\n<p>\ud83d\udeb4\u200d\u2642\ufe0f Presentaci\u00f3n de la etapa 'Top Artenara' del Desaf\u00edo La Tit\u00e1nica \u2013 3 Etapas \ud83d\udeb5\u200d\u2640\ufe0f<\/p>\n\n\n\n<p>El pasado mi\u00e9rcoles, 15 de enero, el alcalde de Artenara, Jes\u00fas D\u00edaz Luj\u00e1n ; el concejal de Deportes, Alberto D\u00edaz ; el director de carrera, \u00c1ngel Garc\u00eda ; y el director de circuito, Alfredo Montes , se reunieron para presentar la etapa 'Top Artenara' , la segunda jornada del Desaf\u00edo La Tit\u00e1nica \u2013 3 Stages, que se celebrar\u00e1 ma\u00f1ana, 18 de enero .<\/p>\n\n\n\n<p>Adem\u00e1s, se llev\u00f3 a cabo una reuni\u00f3n con la junta de seguridad de la prueba , garantizando que todo est\u00e9 preparado para recibir este importante evento deportivo en un entorno \u00fanico como el de Artenara.<\/p>\n\n\n\n<p>\ud83d\udcc5 \u00a1Apunta la fecha y no te pierdas esta emocionante jornada que pondr\u00e1 a Artenara en el foco del deporte!<\/p>\n\n\n\n<p>La etapa 'Top Artenara' promete ser un reto emocionante para los participantes y una experiencia inolvidable para quienes disfruten de este espect\u00e1culo deportivo.<\/p>\n\n\n\n<p>\ud83c\udf89 Te esperamos este 18 de enero para vivir juntos la emoci\u00f3n del Desaf\u00edo La Tit\u00e1nica \u2013 3 Stages en nuestro municipio! \ud83d\udeb5\u200d\u2642\ufe0f<\/p>\n\n\n\n<figure class=\"wp-block-image size-large\"><img loading=\"lazy\" width=\"1024\" height=\"768\" src=\"https:\/\/www.artenara.es\/portal-ciudadano\/wp-content\/uploads\/2025\/01\/473666627_1161666819300240_7707105432882928383_n-1024x768.jpg\" alt=\"\" class=\"wp-image-14332\" srcset=\"https:\/\/www.artenara.es\/portal-ciudadano\/wp-content\/uploads\/2025\/01\/473666627_1161666819300240_7707105432882928383_n-1024x768.jpg 1024w, https:\/\/www.artenara.es\/portal-ciudadano\/wp-content\/uploads\/2025\/01\/473666627_1161666819300240_7707105432882928383_n-300x225.jpg 300w, https:\/\/www.artenara.es\/portal-ciudadano\/wp-content\/uploads\/2025\/01\/473666627_1161666819300240_7707105432882928383_n-1440x1080.jpg 1440w, https:\/\/www.artenara.es\/portal-ciudadano\/wp-content\/uploads\/2025\/01\/473666627_1161666819300240_7707105432882928383_n-768x576.jpg 768w, https:\/\/www.artenara.es\/portal-ciudadano\/wp-content\/uploads\/2025\/01\/473666627_1161666819300240_7707105432882928383_n-1536x1152.jpg 1536w, https:\/\/www.artenara.es\/portal-ciudadano\/wp-content\/uploads\/2025\/01\/473666627_1161666819300240_7707105432882928383_n-418x314.jpg 418w, https:\/\/www.artenara.es\/portal-ciudadano\/wp-content\/uploads\/2025\/01\/473666627_1161666819300240_7707105432882928383_n-1200x900.jpg 1200w, https:\/\/www.artenara.es\/portal-ciudadano\/wp-content\/uploads\/2025\/01\/473666627_1161666819300240_7707105432882928383_n.jpg 2048w\" sizes=\"(max-width: 1024px) 100vw, 1024px\" \/><\/figure>\n","protected":false},"excerpt":{"rendered":"<p>\ud83d\udeb4\u200d\u2642\ufe0f Presentaci\u00f3n de la etapa &#8216;Top Artenara&#8217; del Desaf\u00edo La Tit\u00e1nica \u2013 3 Etapas \ud83d\udeb5\u200d\u2640\ufe0f El pasado mi\u00e9rcoles, 15 de enero, el alcalde de Artenara, Jes\u00fas D\u00edaz Luj\u00e1n ; el concejal de Deportes, Alberto D\u00edaz ; el director de carrera, \u00c1ngel Garc\u00eda ; y el director de circuito, Alfredo Montes , se reunieron para presentar &hellip;<\/p>\n","protected":false},"author":4,"featured_media":14332,"comment_status":"closed","ping_status":"open","sticky":false,"template":"","format":"standard","meta":[],"categories":[4],"tags":[],"_links":{"self":[{"href":"https:\/\/www.artenara.es\/portal-ciudadano\/wp-json\/wp\/v2\/posts\/14331"}],"collection":[{"href":"https:\/\/www.artenara.es\/portal-ciudadano\/wp-json\/wp\/v2\/posts"}],"about":[{"href":"https:\/\/www.artenara.es\/portal-ciudadano\/wp-json\/wp\/v2\/types\/post"}],"author":[{"embeddable":true,"href":"https:\/\/www.artenara.es\/portal-ciudadano\/wp-json\/wp\/v2\/users\/4"}],"replies":[{"embeddable":true,"href":"https:\/\/www.artenara.es\/portal-ciudadano\/wp-json\/wp\/v2\/comments?post=14331"}],"version-history":[{"count":1,"href":"https:\/\/www.artenara.es\/portal-ciudadano\/wp-json\/wp\/v2\/posts\/14331\/revisions"}],"predecessor-version":[{"id":14333,"href":"https:\/\/www.artenara.es\/portal-ciudadano\/wp-json\/wp\/v2\/posts\/14331\/revisions\/14333"}],"wp:featuredmedia":[{"embeddable":true,"href":"https:\/\/www.artenara.es\/portal-ciudadano\/wp-json\/wp\/v2\/media\/14332"}],"wp:attachment":[{"href":"https:\/\/www.artenara.es\/portal-ciudadano\/wp-json\/wp\/v2\/media?parent=14331"}],"wp:term":[{"taxonomy":"category","embeddable":true,"href":"https:\/\/www.artenara.es\/portal-ciudadano\/wp-json\/wp\/v2\/categories?post=14331"},{"taxonomy":"post_tag","embeddable":true,"href":"https:\/\/www.artenara.es\/portal-ciudadano\/wp-json\/wp\/v2\/tags?post=14331"}],"curies":[{"name":"wp","href":"https:\/\/api.w.org\/{rel}","templated":true}]}}