{"id":14334,"date":"2025-01-20T14:16:42","date_gmt":"2025-01-20T14:16:42","guid":{"rendered":"https:\/\/www.artenara.es\/portal-ciudadano\/?p=14334"},"modified":"2025-01-20T14:16:44","modified_gmt":"2025-01-20T14:16:44","slug":"top-artenara","status":"publish","type":"post","link":"https:\/\/www.artenara.es\/portal-ciudadano\/deportes\/top-artenara\/","title":{"rendered":"Top Artenara"},"content":{"rendered":"\n<p>\u00c9xito en la etapa \u201cTop Artenara\u201d del Desaf\u00edo La Tit\u00e1nica<\/p>\n\n\n\n<p>El pasado 18 de enero, los ciclistas vivieron una jornada inolvidable enfrentando el desafiante circuito de 55 km y 1.200 m de desnivel positivo en el municipio m\u00e1s alto de Gran Canaria.<\/p>\n\n\n\n<p>La salida, presidida por el concejal Alberto D\u00edaz, tuvo lugar a las 11:00 h frente al emblem\u00e1tico Monumento al Ciclista de Artenara. Desde all\u00ed, los participantes recorrieron tramos t\u00e9cnicos y r\u00e1pidos descensos, superando una exigente subida final hacia el Mirador de Artenara, donde el esfuerzo y la emoci\u00f3n se unieron en un escenario \u00fanico.<\/p>\n\n\n\n<figure class=\"wp-block-gallery columns-3 is-cropped\"><ul class=\"blocks-gallery-grid\"><li class=\"blocks-gallery-item\"><figure><img loading=\"lazy\" width=\"1024\" height=\"683\" src=\"https:\/\/www.artenara.es\/portal-ciudadano\/wp-content\/uploads\/2025\/01\/IMG_9061-1024x683.jpeg\" alt=\"\" data-id=\"14335\" data-full-url=\"https:\/\/www.artenara.es\/portal-ciudadano\/wp-content\/uploads\/2025\/01\/IMG_9061-scaled.jpeg\" data-link=\"https:\/\/www.artenara.es\/portal-ciudadano\/?attachment_id=14335\" class=\"wp-image-14335\" srcset=\"https:\/\/www.artenara.es\/portal-ciudadano\/wp-content\/uploads\/2025\/01\/IMG_9061-1024x683.jpeg 1024w, https:\/\/www.artenara.es\/portal-ciudadano\/wp-content\/uploads\/2025\/01\/IMG_9061-300x200.jpeg 300w, https:\/\/www.artenara.es\/portal-ciudadano\/wp-content\/uploads\/2025\/01\/IMG_9061-1620x1080.jpeg 1620w, https:\/\/www.artenara.es\/portal-ciudadano\/wp-content\/uploads\/2025\/01\/IMG_9061-768x512.jpeg 768w, https:\/\/www.artenara.es\/portal-ciudadano\/wp-content\/uploads\/2025\/01\/IMG_9061-1536x1024.jpeg 1536w, https:\/\/www.artenara.es\/portal-ciudadano\/wp-content\/uploads\/2025\/01\/IMG_9061-2048x1366.jpeg 2048w, https:\/\/www.artenara.es\/portal-ciudadano\/wp-content\/uploads\/2025\/01\/IMG_9061-418x279.jpeg 418w\" sizes=\"(max-width: 1024px) 100vw, 1024px\" \/><\/figure><\/li><li class=\"blocks-gallery-item\"><figure><img loading=\"lazy\" width=\"1024\" height=\"683\" src=\"https:\/\/www.artenara.es\/portal-ciudadano\/wp-content\/uploads\/2025\/01\/IMG_9059-1024x683.jpeg\" alt=\"\" data-id=\"14336\" data-full-url=\"https:\/\/www.artenara.es\/portal-ciudadano\/wp-content\/uploads\/2025\/01\/IMG_9059-scaled.jpeg\" data-link=\"https:\/\/www.artenara.es\/portal-ciudadano\/?attachment_id=14336\" class=\"wp-image-14336\" srcset=\"https:\/\/www.artenara.es\/portal-ciudadano\/wp-content\/uploads\/2025\/01\/IMG_9059-1024x683.jpeg 1024w, https:\/\/www.artenara.es\/portal-ciudadano\/wp-content\/uploads\/2025\/01\/IMG_9059-300x200.jpeg 300w, https:\/\/www.artenara.es\/portal-ciudadano\/wp-content\/uploads\/2025\/01\/IMG_9059-1620x1080.jpeg 1620w, https:\/\/www.artenara.es\/portal-ciudadano\/wp-content\/uploads\/2025\/01\/IMG_9059-768x512.jpeg 768w, https:\/\/www.artenara.es\/portal-ciudadano\/wp-content\/uploads\/2025\/01\/IMG_9059-1536x1024.jpeg 1536w, https:\/\/www.artenara.es\/portal-ciudadano\/wp-content\/uploads\/2025\/01\/IMG_9059-2048x1366.jpeg 2048w, https:\/\/www.artenara.es\/portal-ciudadano\/wp-content\/uploads\/2025\/01\/IMG_9059-418x279.jpeg 418w\" sizes=\"(max-width: 1024px) 100vw, 1024px\" \/><\/figure><\/li><li class=\"blocks-gallery-item\"><figure><img loading=\"lazy\" width=\"1024\" height=\"683\" src=\"https:\/\/www.artenara.es\/portal-ciudadano\/wp-content\/uploads\/2025\/01\/IMG_9064-1024x683.jpeg\" alt=\"\" data-id=\"14337\" data-full-url=\"https:\/\/www.artenara.es\/portal-ciudadano\/wp-content\/uploads\/2025\/01\/IMG_9064-scaled.jpeg\" data-link=\"https:\/\/www.artenara.es\/portal-ciudadano\/?attachment_id=14337\" class=\"wp-image-14337\" srcset=\"https:\/\/www.artenara.es\/portal-ciudadano\/wp-content\/uploads\/2025\/01\/IMG_9064-1024x683.jpeg 1024w, https:\/\/www.artenara.es\/portal-ciudadano\/wp-content\/uploads\/2025\/01\/IMG_9064-300x200.jpeg 300w, https:\/\/www.artenara.es\/portal-ciudadano\/wp-content\/uploads\/2025\/01\/IMG_9064-1620x1080.jpeg 1620w, https:\/\/www.artenara.es\/portal-ciudadano\/wp-content\/uploads\/2025\/01\/IMG_9064-768x512.jpeg 768w, https:\/\/www.artenara.es\/portal-ciudadano\/wp-content\/uploads\/2025\/01\/IMG_9064-1536x1024.jpeg 1536w, https:\/\/www.artenara.es\/portal-ciudadano\/wp-content\/uploads\/2025\/01\/IMG_9064-2048x1366.jpeg 2048w, https:\/\/www.artenara.es\/portal-ciudadano\/wp-content\/uploads\/2025\/01\/IMG_9064-418x279.jpeg 418w\" sizes=\"(max-width: 1024px) 100vw, 1024px\" \/><\/figure><\/li><li class=\"blocks-gallery-item\"><figure><img loading=\"lazy\" width=\"1024\" height=\"683\" src=\"https:\/\/www.artenara.es\/portal-ciudadano\/wp-content\/uploads\/2025\/01\/IMG_9062-1024x683.jpeg\" alt=\"\" data-id=\"14338\" data-full-url=\"https:\/\/www.artenara.es\/portal-ciudadano\/wp-content\/uploads\/2025\/01\/IMG_9062-scaled.jpeg\" data-link=\"https:\/\/www.artenara.es\/portal-ciudadano\/?attachment_id=14338\" class=\"wp-image-14338\" srcset=\"https:\/\/www.artenara.es\/portal-ciudadano\/wp-content\/uploads\/2025\/01\/IMG_9062-1024x683.jpeg 1024w, https:\/\/www.artenara.es\/portal-ciudadano\/wp-content\/uploads\/2025\/01\/IMG_9062-300x200.jpeg 300w, https:\/\/www.artenara.es\/portal-ciudadano\/wp-content\/uploads\/2025\/01\/IMG_9062-1620x1080.jpeg 1620w, https:\/\/www.artenara.es\/portal-ciudadano\/wp-content\/uploads\/2025\/01\/IMG_9062-768x512.jpeg 768w, https:\/\/www.artenara.es\/portal-ciudadano\/wp-content\/uploads\/2025\/01\/IMG_9062-1536x1024.jpeg 1536w, https:\/\/www.artenara.es\/portal-ciudadano\/wp-content\/uploads\/2025\/01\/IMG_9062-2048x1366.jpeg 2048w, https:\/\/www.artenara.es\/portal-ciudadano\/wp-content\/uploads\/2025\/01\/IMG_9062-418x279.jpeg 418w\" sizes=\"(max-width: 1024px) 100vw, 1024px\" \/><\/figure><\/li><li class=\"blocks-gallery-item\"><figure><img loading=\"lazy\" width=\"1024\" height=\"683\" src=\"https:\/\/www.artenara.es\/portal-ciudadano\/wp-content\/uploads\/2025\/01\/IMG_9058-1024x683.jpeg\" alt=\"\" data-id=\"14339\" data-full-url=\"https:\/\/www.artenara.es\/portal-ciudadano\/wp-content\/uploads\/2025\/01\/IMG_9058-scaled.jpeg\" data-link=\"https:\/\/www.artenara.es\/portal-ciudadano\/?attachment_id=14339\" class=\"wp-image-14339\" srcset=\"https:\/\/www.artenara.es\/portal-ciudadano\/wp-content\/uploads\/2025\/01\/IMG_9058-1024x683.jpeg 1024w, https:\/\/www.artenara.es\/portal-ciudadano\/wp-content\/uploads\/2025\/01\/IMG_9058-300x200.jpeg 300w, https:\/\/www.artenara.es\/portal-ciudadano\/wp-content\/uploads\/2025\/01\/IMG_9058-1620x1080.jpeg 1620w, https:\/\/www.artenara.es\/portal-ciudadano\/wp-content\/uploads\/2025\/01\/IMG_9058-768x512.jpeg 768w, https:\/\/www.artenara.es\/portal-ciudadano\/wp-content\/uploads\/2025\/01\/IMG_9058-1536x1024.jpeg 1536w, https:\/\/www.artenara.es\/portal-ciudadano\/wp-content\/uploads\/2025\/01\/IMG_9058-2048x1366.jpeg 2048w, https:\/\/www.artenara.es\/portal-ciudadano\/wp-content\/uploads\/2025\/01\/IMG_9058-418x279.jpeg 418w\" sizes=\"(max-width: 1024px) 100vw, 1024px\" \/><\/figure><\/li><li class=\"blocks-gallery-item\"><figure><img loading=\"lazy\" width=\"1024\" height=\"683\" src=\"https:\/\/www.artenara.es\/portal-ciudadano\/wp-content\/uploads\/2025\/01\/IMG_9057-1024x683.jpeg\" alt=\"\" data-id=\"14340\" data-full-url=\"https:\/\/www.artenara.es\/portal-ciudadano\/wp-content\/uploads\/2025\/01\/IMG_9057-scaled.jpeg\" data-link=\"https:\/\/www.artenara.es\/portal-ciudadano\/?attachment_id=14340\" class=\"wp-image-14340\" srcset=\"https:\/\/www.artenara.es\/portal-ciudadano\/wp-content\/uploads\/2025\/01\/IMG_9057-1024x683.jpeg 1024w, https:\/\/www.artenara.es\/portal-ciudadano\/wp-content\/uploads\/2025\/01\/IMG_9057-300x200.jpeg 300w, https:\/\/www.artenara.es\/portal-ciudadano\/wp-content\/uploads\/2025\/01\/IMG_9057-1620x1080.jpeg 1620w, https:\/\/www.artenara.es\/portal-ciudadano\/wp-content\/uploads\/2025\/01\/IMG_9057-768x512.jpeg 768w, https:\/\/www.artenara.es\/portal-ciudadano\/wp-content\/uploads\/2025\/01\/IMG_9057-1536x1024.jpeg 1536w, https:\/\/www.artenara.es\/portal-ciudadano\/wp-content\/uploads\/2025\/01\/IMG_9057-2048x1366.jpeg 2048w, https:\/\/www.artenara.es\/portal-ciudadano\/wp-content\/uploads\/2025\/01\/IMG_9057-418x279.jpeg 418w\" sizes=\"(max-width: 1024px) 100vw, 1024px\" \/><\/figure><\/li><li class=\"blocks-gallery-item\"><figure><img loading=\"lazy\" width=\"576\" height=\"1024\" src=\"https:\/\/www.artenara.es\/portal-ciudadano\/wp-content\/uploads\/2025\/01\/IMG_9063-576x1024.jpeg\" alt=\"\" data-id=\"14341\" data-full-url=\"https:\/\/www.artenara.es\/portal-ciudadano\/wp-content\/uploads\/2025\/01\/IMG_9063-scaled.jpeg\" data-link=\"https:\/\/www.artenara.es\/portal-ciudadano\/?attachment_id=14341\" class=\"wp-image-14341\" srcset=\"https:\/\/www.artenara.es\/portal-ciudadano\/wp-content\/uploads\/2025\/01\/IMG_9063-576x1024.jpeg 576w, https:\/\/www.artenara.es\/portal-ciudadano\/wp-content\/uploads\/2025\/01\/IMG_9063-169x300.jpeg 169w, https:\/\/www.artenara.es\/portal-ciudadano\/wp-content\/uploads\/2025\/01\/IMG_9063-608x1080.jpeg 608w, https:\/\/www.artenara.es\/portal-ciudadano\/wp-content\/uploads\/2025\/01\/IMG_9063-768x1365.jpeg 768w, https:\/\/www.artenara.es\/portal-ciudadano\/wp-content\/uploads\/2025\/01\/IMG_9063-864x1536.jpeg 864w, https:\/\/www.artenara.es\/portal-ciudadano\/wp-content\/uploads\/2025\/01\/IMG_9063-1152x2048.jpeg 1152w, https:\/\/www.artenara.es\/portal-ciudadano\/wp-content\/uploads\/2025\/01\/IMG_9063-418x743.jpeg 418w, https:\/\/www.artenara.es\/portal-ciudadano\/wp-content\/uploads\/2025\/01\/IMG_9063-scaled.jpeg 1440w\" sizes=\"(max-width: 576px) 100vw, 576px\" \/><\/figure><\/li><li class=\"blocks-gallery-item\"><figure><img loading=\"lazy\" width=\"682\" height=\"1024\" src=\"https:\/\/www.artenara.es\/portal-ciudadano\/wp-content\/uploads\/2025\/01\/IMG_9056-682x1024.jpeg\" alt=\"\" data-id=\"14342\" data-full-url=\"https:\/\/www.artenara.es\/portal-ciudadano\/wp-content\/uploads\/2025\/01\/IMG_9056.jpeg\" data-link=\"https:\/\/www.artenara.es\/portal-ciudadano\/?attachment_id=14342\" class=\"wp-image-14342\" srcset=\"https:\/\/www.artenara.es\/portal-ciudadano\/wp-content\/uploads\/2025\/01\/IMG_9056-682x1024.jpeg 682w, https:\/\/www.artenara.es\/portal-ciudadano\/wp-content\/uploads\/2025\/01\/IMG_9056-200x300.jpeg 200w, https:\/\/www.artenara.es\/portal-ciudadano\/wp-content\/uploads\/2025\/01\/IMG_9056-720x1080.jpeg 720w, https:\/\/www.artenara.es\/portal-ciudadano\/wp-content\/uploads\/2025\/01\/IMG_9056-768x1153.jpeg 768w, https:\/\/www.artenara.es\/portal-ciudadano\/wp-content\/uploads\/2025\/01\/IMG_9056-1023x1536.jpeg 1023w, https:\/\/www.artenara.es\/portal-ciudadano\/wp-content\/uploads\/2025\/01\/IMG_9056-418x627.jpeg 418w, https:\/\/www.artenara.es\/portal-ciudadano\/wp-content\/uploads\/2025\/01\/IMG_9056.jpeg 1066w\" sizes=\"(max-width: 682px) 100vw, 682px\" \/><\/figure><\/li><\/ul><\/figure>\n\n\n\n<p><\/p>\n","protected":false},"excerpt":{"rendered":"<p>\u00c9xito en la etapa \u201cTop Artenara\u201d del Desaf\u00edo La Tit\u00e1nica El pasado 18 de enero, los ciclistas vivieron una jornada inolvidable enfrentando el desafiante circuito de 55 km y 1.200 m de desnivel positivo en el municipio m\u00e1s alto de Gran Canaria. La salida, presidida por el concejal Alberto D\u00edaz, tuvo lugar a las 11:00 &hellip;<\/p>\n","protected":false},"author":4,"featured_media":14335,"comment_status":"closed","ping_status":"open","sticky":false,"template":"","format":"standard","meta":[],"categories":[4],"tags":[],"_links":{"self":[{"href":"https:\/\/www.artenara.es\/portal-ciudadano\/wp-json\/wp\/v2\/posts\/14334"}],"collection":[{"href":"https:\/\/www.artenara.es\/portal-ciudadano\/wp-json\/wp\/v2\/posts"}],"about":[{"href":"https:\/\/www.artenara.es\/portal-ciudadano\/wp-json\/wp\/v2\/types\/post"}],"author":[{"embeddable":true,"href":"https:\/\/www.artenara.es\/portal-ciudadano\/wp-json\/wp\/v2\/users\/4"}],"replies":[{"embeddable":true,"href":"https:\/\/www.artenara.es\/portal-ciudadano\/wp-json\/wp\/v2\/comments?post=14334"}],"version-history":[{"count":1,"href":"https:\/\/www.artenara.es\/portal-ciudadano\/wp-json\/wp\/v2\/posts\/14334\/revisions"}],"predecessor-version":[{"id":14343,"href":"https:\/\/www.artenara.es\/portal-ciudadano\/wp-json\/wp\/v2\/posts\/14334\/revisions\/14343"}],"wp:featuredmedia":[{"embeddable":true,"href":"https:\/\/www.artenara.es\/portal-ciudadano\/wp-json\/wp\/v2\/media\/14335"}],"wp:attachment":[{"href":"https:\/\/www.artenara.es\/portal-ciudadano\/wp-json\/wp\/v2\/media?parent=14334"}],"wp:term":[{"taxonomy":"category","embeddable":true,"href":"https:\/\/www.artenara.es\/portal-ciudadano\/wp-json\/wp\/v2\/categories?post=14334"},{"taxonomy":"post_tag","embeddable":true,"href":"https:\/\/www.artenara.es\/portal-ciudadano\/wp-json\/wp\/v2\/tags?post=14334"}],"curies":[{"name":"wp","href":"https:\/\/api.w.org\/{rel}","templated":true}]}}