{"id":14490,"date":"2025-03-17T10:54:57","date_gmt":"2025-03-17T10:54:57","guid":{"rendered":"https:\/\/www.artenara.es\/portal-ciudadano\/?p=14490"},"modified":"2025-03-17T10:54:59","modified_gmt":"2025-03-17T10:54:59","slug":"publicidad-subvencion-6","status":"publish","type":"post","link":"https:\/\/www.artenara.es\/portal-ciudadano\/social\/publicidad-subvencion-6\/","title":{"rendered":"Publicidad subvenci\u00f3n"},"content":{"rendered":"\n<p>Desde el Ayuntamiento de Artenara se INFORMA:<\/p>\n\n\n\n<p>Que la Consejer\u00eda de Gobierno de Presidencia y Movilidad Sostenible, Instituto Insular Para la Gesti\u00f3n Integrada del Patrimonio Mundial y la Reserva de la Biosfera de Gran Canaria, concedi\u00f3 durante 2024 a este Ayuntamiento, por Resoluci\u00f3n CGC2024\/6182, una subvenci\u00f3n de quince mil euros (15.000,00 \u20ac) para la realizaci\u00f3n del proyecto \u201cActividades relacionadas con la Reserva de la Biosfera de Gran Canaria y Patrimonio Mundial RCMSGC\u201d. Con esta subvenci\u00f3n se realizaron las siguientes acciones:<\/p>\n\n\n\n<p>\u2022 II Jornadas de historia \u201cEscritos y Se\u00f1as del Pasado Ind\u00edgena de Gran Canaria\u201d.<\/p>\n\n\n\n<p>\u2022 Ruta naturalista a los pinares del noroeste. Monta\u00f1a de Altavista.<\/p>\n\n\n\n<p>\u2022 Ruta Espacios Sagrados de Monta\u00f1a: Patrimonio Mundial de la Humanidad. Cruz de Tejeda \u2013 Artenara.<\/p>\n\n\n\n<p>\u2022 Visita interpretada a la finca de \u201cLa Majada\u201d.<\/p>\n\n\n\n<p>\u2022 Adquisici\u00f3n de Power Bank.<\/p>\n\n\n\n<p>\u2022 3 Talleres de elaboraci\u00f3n de pan de papas.<\/p>\n\n\n\n<p>\u2022 Elaboraci\u00f3n del reportaje \u201cArtenara y su gente. Vivencias en primera persona\u201d.<\/p>\n\n\n\n<figure class=\"wp-block-image size-large\"><img loading=\"lazy\" width=\"724\" height=\"1024\" src=\"https:\/\/www.artenara.es\/portal-ciudadano\/wp-content\/uploads\/2025\/03\/escrito-publicidad-1-1-724x1024.png\" alt=\"\" class=\"wp-image-14491\" srcset=\"https:\/\/www.artenara.es\/portal-ciudadano\/wp-content\/uploads\/2025\/03\/escrito-publicidad-1-1-724x1024.png 724w, https:\/\/www.artenara.es\/portal-ciudadano\/wp-content\/uploads\/2025\/03\/escrito-publicidad-1-1-212x300.png 212w, https:\/\/www.artenara.es\/portal-ciudadano\/wp-content\/uploads\/2025\/03\/escrito-publicidad-1-1-764x1080.png 764w, https:\/\/www.artenara.es\/portal-ciudadano\/wp-content\/uploads\/2025\/03\/escrito-publicidad-1-1-768x1086.png 768w, https:\/\/www.artenara.es\/portal-ciudadano\/wp-content\/uploads\/2025\/03\/escrito-publicidad-1-1-1086x1536.png 1086w, https:\/\/www.artenara.es\/portal-ciudadano\/wp-content\/uploads\/2025\/03\/escrito-publicidad-1-1-1448x2048.png 1448w, https:\/\/www.artenara.es\/portal-ciudadano\/wp-content\/uploads\/2025\/03\/escrito-publicidad-1-1-418x591.png 418w, https:\/\/www.artenara.es\/portal-ciudadano\/wp-content\/uploads\/2025\/03\/escrito-publicidad-1-1.png 1654w\" sizes=\"(max-width: 724px) 100vw, 724px\" \/><\/figure>\n","protected":false},"excerpt":{"rendered":"<p>Desde el Ayuntamiento de Artenara se INFORMA: Que la Consejer\u00eda de Gobierno de Presidencia y Movilidad Sostenible, Instituto Insular Para la Gesti\u00f3n Integrada del Patrimonio Mundial y la Reserva de la Biosfera de Gran Canaria, concedi\u00f3 durante 2024 a este Ayuntamiento, por Resoluci\u00f3n CGC2024\/6182, una subvenci\u00f3n de quince mil euros (15.000,00 \u20ac) para la realizaci\u00f3n &hellip;<\/p>\n","protected":false},"author":4,"featured_media":14491,"comment_status":"closed","ping_status":"open","sticky":false,"template":"","format":"standard","meta":[],"categories":[59,3],"tags":[],"_links":{"self":[{"href":"https:\/\/www.artenara.es\/portal-ciudadano\/wp-json\/wp\/v2\/posts\/14490"}],"collection":[{"href":"https:\/\/www.artenara.es\/portal-ciudadano\/wp-json\/wp\/v2\/posts"}],"about":[{"href":"https:\/\/www.artenara.es\/portal-ciudadano\/wp-json\/wp\/v2\/types\/post"}],"author":[{"embeddable":true,"href":"https:\/\/www.artenara.es\/portal-ciudadano\/wp-json\/wp\/v2\/users\/4"}],"replies":[{"embeddable":true,"href":"https:\/\/www.artenara.es\/portal-ciudadano\/wp-json\/wp\/v2\/comments?post=14490"}],"version-history":[{"count":1,"href":"https:\/\/www.artenara.es\/portal-ciudadano\/wp-json\/wp\/v2\/posts\/14490\/revisions"}],"predecessor-version":[{"id":14492,"href":"https:\/\/www.artenara.es\/portal-ciudadano\/wp-json\/wp\/v2\/posts\/14490\/revisions\/14492"}],"wp:featuredmedia":[{"embeddable":true,"href":"https:\/\/www.artenara.es\/portal-ciudadano\/wp-json\/wp\/v2\/media\/14491"}],"wp:attachment":[{"href":"https:\/\/www.artenara.es\/portal-ciudadano\/wp-json\/wp\/v2\/media?parent=14490"}],"wp:term":[{"taxonomy":"category","embeddable":true,"href":"https:\/\/www.artenara.es\/portal-ciudadano\/wp-json\/wp\/v2\/categories?post=14490"},{"taxonomy":"post_tag","embeddable":true,"href":"https:\/\/www.artenara.es\/portal-ciudadano\/wp-json\/wp\/v2\/tags?post=14490"}],"curies":[{"name":"wp","href":"https:\/\/api.w.org\/{rel}","templated":true}]}}